{"id":29522,"date":"2025-09-22T12:28:26","date_gmt":"2025-09-22T12:28:26","guid":{"rendered":"http:\/\/www.lanuevaopcion.cl\/?p=29522"},"modified":"2025-09-22T12:28:26","modified_gmt":"2025-09-22T12:28:26","slug":"%e2%80%9cse-ha-ido-un-companero-joven-y-sensible%e2%80%9d-dolor-en-mega-tras-fallecimiento-de-querido-integrante-del-canal","status":"publish","type":"post","link":"http:\/\/www.lanuevaopcion.cl\/?p=29522","title":{"rendered":"\u201cSe ha ido un compa\u00f1ero joven y sensible\u201d: dolor en Mega tras fallecimiento de querido integrante del canal"},"content":{"rendered":"<p><img loading=\"lazy\" decoding=\"async\"  alt=\"\" src=\"https:\/\/www.lacuarta.com\/resizer\/v2\/JDWODGISF5HAPIJK37NVFAPZFA.png?auth=570fcdd5fa990922b350bd1c7ab2966acf9c3f00ebfc245c35637d8681806c4f&#038;focal=627%2C398&#038;width=420&#038;height=236&#038;quality=70\" class=\"alignleft\" width=\"420\" height=\"236\" \/ class=\"alignleft\" style=\"margin-right:15px;margin-bottom:10px;float:left;\" ><br \/>\nDurante la fin de semana de Fiestas Patrias, Mega confirm\u00f3 el deceso de un querido trabajador de la estaci\u00f3n televisiva.<\/p>\n<p>El anuncio fue realizado en Meganoticias Actualiza, espacio donde la periodista Paloma \u00c1vila dedic\u00f3 un emotivo mensaje.<\/p>\n<p>\u201cHoy queremos detenernos para rendir un homenaje muy sentido\u201d, parti\u00f3 anunciando la comunicadora.<br \/>\n<!--more--><br \/>\n\u201cSe ha ido un compa\u00f1ero joven, sensible y profundamente querido por todos nosotros\u201d, a\u00f1adi\u00f3.<\/p>\n<p>Luego, explic\u00f3 que se trataba de Claudio Toro Concha, destacado productor comercial de la se\u00f1al.<\/p>\n<p>\u201cIlumin\u00f3 por cinco a\u00f1os Megamedia con su generosidad y sonrisa en cada rinc\u00f3n\u201d, asegur\u00f3 la conductora, sin especificar la causa de su muerte.<\/p>\n<p>Finalmente, reconoci\u00f3 que \u201csu partida nos deja un silencio que pesa, pero tambi\u00e9n el recuerdo de su talento, su calidez y las risas que compartimos\u201d.<\/p>\n<p>\u201cA su familia, amigos y a todos quienes lo hicieron, les enviamos nuestro abrazo m\u00e1s sincero y a \u00e9l, nuestro agradecimiento eterno por el tiempo y las ense\u00f1anzas que nos regal\u00f3\u201d, sentenci\u00f3.<br \/>\nhttps:\/\/www.lacuarta.com\/espectaculos\/noticia\/se-ha-ido-un-companero-joven-y-sensible-dolor-en-mega-tras-fallecimiento-de-querido-integrante-del-canal\/<br \/>\nFUENTE, LA CUARTA.COM<br \/>\nMEDIO DE DIFUSION, SIN FIN DE LUCRO ALGUNO <\/p>\n","protected":false},"excerpt":{"rendered":"<p>Durante la fin de semana de Fiestas Patrias, Mega confirm\u00f3 el deceso de un querido trabajador de la estaci\u00f3n televisiva. El anuncio fue realizado en Meganoticias Actualiza, espacio donde la periodista Paloma \u00c1vila dedic\u00f3 un emotivo mensaje. \u201cHoy queremos detenernos para rendir un homenaje muy sentido\u201d, parti\u00f3 anunciando la comunicadora.<\/p>\n","protected":false},"author":51,"featured_media":0,"comment_status":"open","ping_status":"open","sticky":false,"template":"","format":"standard","meta":{"footnotes":""},"categories":[8,9,5,16,31,11],"tags":[731,45],"class_list":["post-29522","post","type-post","status-publish","format-standard","hentry","category-cultura","category-educacion","category-internacional","category-nacional","category-salud","category-tendencias","tag-mega","tag-television"],"_links":{"self":[{"href":"http:\/\/www.lanuevaopcion.cl\/index.php?rest_route=\/wp\/v2\/posts\/29522","targetHints":{"allow":["GET"]}}],"collection":[{"href":"http:\/\/www.lanuevaopcion.cl\/index.php?rest_route=\/wp\/v2\/posts"}],"about":[{"href":"http:\/\/www.lanuevaopcion.cl\/index.php?rest_route=\/wp\/v2\/types\/post"}],"author":[{"embeddable":true,"href":"http:\/\/www.lanuevaopcion.cl\/index.php?rest_route=\/wp\/v2\/users\/51"}],"replies":[{"embeddable":true,"href":"http:\/\/www.lanuevaopcion.cl\/index.php?rest_route=%2Fwp%2Fv2%2Fcomments&post=29522"}],"version-history":[{"count":1,"href":"http:\/\/www.lanuevaopcion.cl\/index.php?rest_route=\/wp\/v2\/posts\/29522\/revisions"}],"predecessor-version":[{"id":29523,"href":"http:\/\/www.lanuevaopcion.cl\/index.php?rest_route=\/wp\/v2\/posts\/29522\/revisions\/29523"}],"wp:attachment":[{"href":"http:\/\/www.lanuevaopcion.cl\/index.php?rest_route=%2Fwp%2Fv2%2Fmedia&parent=29522"}],"wp:term":[{"taxonomy":"category","embeddable":true,"href":"http:\/\/www.lanuevaopcion.cl\/index.php?rest_route=%2Fwp%2Fv2%2Fcategories&post=29522"},{"taxonomy":"post_tag","embeddable":true,"href":"http:\/\/www.lanuevaopcion.cl\/index.php?rest_route=%2Fwp%2Fv2%2Ftags&post=29522"}],"curies":[{"name":"wp","href":"https:\/\/api.w.org\/{rel}","templated":true}]}}