{"id":29514,"date":"2025-09-12T09:10:41","date_gmt":"2025-09-12T09:10:41","guid":{"rendered":"http:\/\/www.lanuevaopcion.cl\/?p=29514"},"modified":"2025-09-12T09:10:41","modified_gmt":"2025-09-12T09:10:41","slug":"rafael-cavada-sorprende-al-anunciar-el-fin-de-su-relacion-amorosa-revelo-motivo-con-desgarrador-mensaje","status":"publish","type":"post","link":"http:\/\/www.lanuevaopcion.cl\/?p=29514","title":{"rendered":"Rafael Cavada sorprende al anunciar el fin de su relaci\u00f3n amorosa: revel\u00f3 motivo con desgarrador mensaje"},"content":{"rendered":"<p><img loading=\"lazy\" decoding=\"async\"  alt=\"\" src=\"https:\/\/www.lacuarta.com\/resizer\/v2\/UP2VRS4OSZDELLRBM5LZ6NS4OI.jpg?auth=77a88f8ce4b20973b8d746391b880fb67bfeb7183a9cba31470da66047fab33d&#038;smart=true&#038;width=420&#038;height=236&#038;quality=70\" class=\"alignleft\" width=\"420\" height=\"236\" \/ class=\"alignleft\" style=\"margin-right:15px;margin-bottom:10px;float:left;\" ><br \/>\nEl periodista Rafael Cavada anunci\u00f3 p\u00fablicamente el fin de su relaci\u00f3n amorosa con Diana Aurenque.<\/p>\n<p>El rostro de Chilevisi\u00f3n conoci\u00f3 a la fisl\u00f3sofa y acad\u00e9mica de la Universidad de Chile en marzo del a\u00f1o pasado y a los pocos meses hicieron p\u00fablico su romance.<\/p>\n<p>\u201cHace poco m\u00e1s de un a\u00f1o publicaste una foto y debajo \u2018El responsable de mis sonrisas\u2019. Hoy escribo yo, con pena, pero lleno de agradecimiento y con la sensaci\u00f3n de estar haciendo lo correcto porque lo hemos conversado y acordado\u201d, escribi\u00f3 Cavada este jueves en Instagram, anunciando el quiebre.<br \/>\n<!--more--><br \/>\nAurenque lleg\u00f3 a la vida del reportero en un periodo de crisis, por una denuncia de violencia intrafamiliar de la cual termin\u00f3 sobrese\u00eddo.<\/p>\n<p>\u201cHa sido un periodo dur\u00edsimo. Tu respaldo fue esencial, desde el principio, en medio de acusaciones infundadas, agresiones sin base en las redes, inestabilidad laboral y mucha incertidumbre\u201d, coment\u00f3.<\/p>\n<p>Rafael Cavada y Diana Aurenque<br \/>\nEl motivo de la ruptura<br \/>\nSobre el motivo de la ruptura, Cavada dej\u00f3 ver en sus palabras que sus problemas personales habr\u00edan comenzado a afectar a su pareja.<\/p>\n<p>\u201cHoy tu sonrisa es m\u00e1s esquiva y no quiero que siga as\u00ed. No es justo que toda esta carga -que debo resolver yo- termine sobre tus hombros. Eres, con los ni\u00f1os, lo mejor que me ha pasado y por eso mismo no mereces esto\u201d, expres\u00f3.<\/p>\n<p>En ese mismo sentido, desahog\u00f3: \u201cNo mereces este camino sin fin, apoyando a alguien atrapado en situaciones insostenibles, y en un largu\u00edsimo proceso en manos de una justicia bien intencionada, pero diletante, torpe y muchas veces sorda e indiferente\u201d.<\/p>\n<p>Con todo, el comunicador afirm\u00f3 que \u201cla responsabilidad afectiva no se extingue\u201d y seguir\u00e1n siendo una familia.<br \/>\nhttps:\/\/www.lacuarta.com\/espectaculos\/noticia\/rafael-cavada-sorprende-al-anunciar-el-fin-de-su-relacion-amorosa-revelo-motivo-con-desgarrador-mensaje\/<br \/>\nFUENTE. LA CUARTA.COM<br \/>\nMEDIO DE DIFUSION, SIN FIN DE LUCRO ALGUNO <\/p>\n","protected":false},"excerpt":{"rendered":"<p>El periodista Rafael Cavada anunci\u00f3 p\u00fablicamente el fin de su relaci\u00f3n amorosa con Diana Aurenque. El rostro de Chilevisi\u00f3n conoci\u00f3 a la fisl\u00f3sofa y acad\u00e9mica de la Universidad de Chile en marzo del a\u00f1o pasado y a los pocos meses hicieron p\u00fablico su romance. \u201cHace poco m\u00e1s de un a\u00f1o publicaste una foto y debajo [&hellip;]<\/p>\n","protected":false},"author":51,"featured_media":0,"comment_status":"open","ping_status":"open","sticky":false,"template":"","format":"standard","meta":{"footnotes":""},"categories":[8,5,16,30,1,31,11],"tags":[205,138,45],"class_list":["post-29514","post","type-post","status-publish","format-standard","hentry","category-cultura","category-internacional","category-nacional","category-policial","category-uncategorized","category-salud","category-tendencias","tag-chile","tag-espectaculo","tag-television"],"_links":{"self":[{"href":"http:\/\/www.lanuevaopcion.cl\/index.php?rest_route=\/wp\/v2\/posts\/29514","targetHints":{"allow":["GET"]}}],"collection":[{"href":"http:\/\/www.lanuevaopcion.cl\/index.php?rest_route=\/wp\/v2\/posts"}],"about":[{"href":"http:\/\/www.lanuevaopcion.cl\/index.php?rest_route=\/wp\/v2\/types\/post"}],"author":[{"embeddable":true,"href":"http:\/\/www.lanuevaopcion.cl\/index.php?rest_route=\/wp\/v2\/users\/51"}],"replies":[{"embeddable":true,"href":"http:\/\/www.lanuevaopcion.cl\/index.php?rest_route=%2Fwp%2Fv2%2Fcomments&post=29514"}],"version-history":[{"count":1,"href":"http:\/\/www.lanuevaopcion.cl\/index.php?rest_route=\/wp\/v2\/posts\/29514\/revisions"}],"predecessor-version":[{"id":29515,"href":"http:\/\/www.lanuevaopcion.cl\/index.php?rest_route=\/wp\/v2\/posts\/29514\/revisions\/29515"}],"wp:attachment":[{"href":"http:\/\/www.lanuevaopcion.cl\/index.php?rest_route=%2Fwp%2Fv2%2Fmedia&parent=29514"}],"wp:term":[{"taxonomy":"category","embeddable":true,"href":"http:\/\/www.lanuevaopcion.cl\/index.php?rest_route=%2Fwp%2Fv2%2Fcategories&post=29514"},{"taxonomy":"post_tag","embeddable":true,"href":"http:\/\/www.lanuevaopcion.cl\/index.php?rest_route=%2Fwp%2Fv2%2Ftags&post=29514"}],"curies":[{"name":"wp","href":"https:\/\/api.w.org\/{rel}","templated":true}]}}