{"id":29512,"date":"2025-09-11T08:36:04","date_gmt":"2025-09-11T08:36:04","guid":{"rendered":"http:\/\/www.lanuevaopcion.cl\/?p=29512"},"modified":"2025-09-11T08:36:04","modified_gmt":"2025-09-11T08:36:04","slug":"el-tenso-round-entre-parisi-y-matthei-candidato-le-mostro-fotos-por-%e2%80%9ctraiciones%e2%80%9d-a-pinera-y-pinochet","status":"publish","type":"post","link":"http:\/\/www.lanuevaopcion.cl\/?p=29512","title":{"rendered":"El tenso round entre Parisi y Matthei: Candidato le mostr\u00f3 fotos por \u201ctraiciones\u201d a Pi\u00f1era y Pinochet"},"content":{"rendered":"<p><img loading=\"lazy\" decoding=\"async\"  alt=\"\" src=\"https:\/\/www.lacuarta.com\/resizer\/v2\/QFYTCZ7375FODKUNSUFKVQPEYM.png?auth=80dc5c0adeb28c1096408e98ab887bc082f8409a964a9d4a6631b6ae8d2c2603&#038;smart=true&#038;width=375&#038;height=211&#038;quality=70\" class=\"alignleft\" width=\"375\" height=\"211\" \/ class=\"alignleft\" style=\"margin-right:15px;margin-bottom:10px;float:left;\" ><br \/>\nDurante el debate presidencial, y en su momento de interpelar a la candidata de Chile Vamos, Franco Parisi mostr\u00f3 fotos del expresidente Sebasti\u00e1n Pi\u00f1era y del dictador Augusto Pinochet con la palabra \u201ctraicion\u00f3\u201d.<\/p>\n<p>A partir de ah\u00ed, acus\u00f3 a Evelyn Matthei de haber traicionado a a ambos.<\/p>\n<p>Lo realizado por Parisi fue interrumpido por la animadora Macarena Pizarro, quien le record\u00f3 solo se permit\u00edan apuntes personales y no apoyos visuales.<br \/>\n<!--more--><br \/>\nEn ese contexto, Parisi sostuvo que Matthei investig\u00f3 e intervino el tel\u00e9fono del expresidente Pi\u00f1era y que luego se alej\u00f3 de Pinochet cuando \u201cno era rentable pol\u00edticamente\u201d.<\/p>\n<p>Tambi\u00e9n la culp\u00f3 de ceder ante el gobierno de Boric para un nuevo proceso constitucional tras el triunfo del Rechazo.<\/p>\n<p>La candidata replic\u00f3 que en todo lo anterior no hab\u00eda una pregunta real, solo \u201cagresiones y descalificaciones\u201d, acusando a Parisi de tener un estilo hostil. \u201c\u00c9l suele actuar as\u00ed y sobre todo contra las mujeres a las que trata especialmente mal\u201d, dijo.<\/p>\n<p>A partir de ah\u00ed, la candidata reconoci\u00f3 errores en su trayectoria, pero destac\u00f3 que los chilenos la conocen.<\/p>\n<p>Por eso Matthei record\u00f3 que finalmente recompuso su relaci\u00f3n con Pi\u00f1era, quien la nombr\u00f3 ministra. \u201cLlor\u00e9 cuando muri\u00f3 y ahora su familia me acompa\u00f1a\u201d, se\u00f1al\u00f3, subrayando el cari\u00f1o que ambos lograron recuperar.<\/p>\n<p>La abanderada de Chile Vamos cerr\u00f3 con un mensaje de reconciliaci\u00f3n, expresando su deseo de que los chilenos puedan superar divisiones hist\u00f3ricas, como las asociadas al 11 de septiembre, y mirar hacia adelante \u201ccomo un solo equipo\u201d.<br \/>\nhttps:\/\/www.lacuarta.com\/chile\/noticia\/el-tenso-round-entre-parisi-y-matthei-candidato-le-mostro-fotos-por-traiciones-a-pinera-y-pinochet\/<br \/>\nFUENTE. LA CUARTA.COM<br \/>\nMEDIO DE DIFUSION, SIN FIN DE LUCRO ALGUNO<\/p>\n","protected":false},"excerpt":{"rendered":"<p>Durante el debate presidencial, y en su momento de interpelar a la candidata de Chile Vamos, Franco Parisi mostr\u00f3 fotos del expresidente Sebasti\u00e1n Pi\u00f1era y del dictador Augusto Pinochet con la palabra \u201ctraicion\u00f3\u201d. A partir de ah\u00ed, acus\u00f3 a Evelyn Matthei de haber traicionado a a ambos. Lo realizado por Parisi fue interrumpido por la [&hellip;]<\/p>\n","protected":false},"author":51,"featured_media":0,"comment_status":"open","ping_status":"open","sticky":false,"template":"","format":"standard","meta":{"footnotes":""},"categories":[8,7,4,9,5,16,30,1,31,11],"tags":[1563,1562],"class_list":["post-29512","post","type-post","status-publish","format-standard","hentry","category-cultura","category-deporte","category-economia","category-educacion","category-internacional","category-nacional","category-policial","category-uncategorized","category-salud","category-tendencias","tag-debate-chv-2025","tag-matthei-y-parisi"],"_links":{"self":[{"href":"http:\/\/www.lanuevaopcion.cl\/index.php?rest_route=\/wp\/v2\/posts\/29512","targetHints":{"allow":["GET"]}}],"collection":[{"href":"http:\/\/www.lanuevaopcion.cl\/index.php?rest_route=\/wp\/v2\/posts"}],"about":[{"href":"http:\/\/www.lanuevaopcion.cl\/index.php?rest_route=\/wp\/v2\/types\/post"}],"author":[{"embeddable":true,"href":"http:\/\/www.lanuevaopcion.cl\/index.php?rest_route=\/wp\/v2\/users\/51"}],"replies":[{"embeddable":true,"href":"http:\/\/www.lanuevaopcion.cl\/index.php?rest_route=%2Fwp%2Fv2%2Fcomments&post=29512"}],"version-history":[{"count":1,"href":"http:\/\/www.lanuevaopcion.cl\/index.php?rest_route=\/wp\/v2\/posts\/29512\/revisions"}],"predecessor-version":[{"id":29513,"href":"http:\/\/www.lanuevaopcion.cl\/index.php?rest_route=\/wp\/v2\/posts\/29512\/revisions\/29513"}],"wp:attachment":[{"href":"http:\/\/www.lanuevaopcion.cl\/index.php?rest_route=%2Fwp%2Fv2%2Fmedia&parent=29512"}],"wp:term":[{"taxonomy":"category","embeddable":true,"href":"http:\/\/www.lanuevaopcion.cl\/index.php?rest_route=%2Fwp%2Fv2%2Fcategories&post=29512"},{"taxonomy":"post_tag","embeddable":true,"href":"http:\/\/www.lanuevaopcion.cl\/index.php?rest_route=%2Fwp%2Fv2%2Ftags&post=29512"}],"curies":[{"name":"wp","href":"https:\/\/api.w.org\/{rel}","templated":true}]}}