{"id":29508,"date":"2025-09-09T01:18:08","date_gmt":"2025-09-09T01:18:08","guid":{"rendered":"http:\/\/www.lanuevaopcion.cl\/?p=29508"},"modified":"2025-09-09T01:18:08","modified_gmt":"2025-09-09T01:18:08","slug":"lo-cuestiono-en-pantalla-y-el-animador-no-se-lo-aguanto-neme-desafia-en-vivo-a-diputada-en-tenso-cruce-televisivo","status":"publish","type":"post","link":"http:\/\/www.lanuevaopcion.cl\/?p=29508","title":{"rendered":"Lo cuestion\u00f3 en pantalla y el animador no se lo aguant\u00f3: Neme desaf\u00eda en vivo a diputada en tenso cruce televisivo"},"content":{"rendered":"<p><img loading=\"lazy\" decoding=\"async\"  alt=\"\" src=\"https:\/\/www.lacuarta.com\/resizer\/v2\/7NNBCQ2X6JHPBDDSMCBKRKBVI4.jpg?auth=336af1f28816cdf9bc3ec6df823573fec3c0b1762bc683fb0b1829273f2b4ec3&#038;smart=true&#038;width=420&#038;height=236&#038;quality=70\" class=\"alignleft\" width=\"420\" height=\"236\" \/ class=\"alignleft\" style=\"margin-right:15px;margin-bottom:10px;float:left;\" ><br \/>\nNo hay tregua entre Jos\u00e9 Antonio Neme y la diputada Lorena Fr\u00edes (FA), por el uso de las pistolas taser. La parlamentaria respondi\u00f3 feroz dardo del animador y tuvo r\u00e9plica.<\/p>\n<p>Todo parti\u00f3 hace poco m\u00e1s de una semana cuando el animador del matinal Mucho Gusto (Mega) enfureci\u00f3 en pantalla al ver que la diputada Fr\u00edes hab\u00eda enviado un oficio para exigir informaci\u00f3n sobre la compra de pistolas taser del parte del Gobierno.<br \/>\n<!--more--><br \/>\n\u201cSe\u00f1ora, d\u00e9ntrese, se lo digo con todo el respeto al mundo. Est\u00e1 absolutamente fuera de este planeta. No tiene ni un sentido que usted oficie. Ocupe sus oficios para cosas m\u00e1s importantes\u201d, lanz\u00f3 el comunicador, que aboga por la pronta autorizaci\u00f3n de dicha herramienta para el uso de Carabineros o guardias municipales.<\/p>\n<p>La respuesta de Lorena Fr\u00edes a Neme<br \/>\nFr\u00edes acus\u00f3 recibo del dardo televisivo y respondi\u00f3 en una entrevista con CNN Chile.<\/p>\n<p>\u201cEl se\u00f1or Neme no sab\u00eda d\u00f3nde estaba parado. Lo que digo es: entiendo perfectamente que entre un arma letal y una luma tiene que haber algo intermedio, justamente para no tener que usar el arma letal (&#8230;) Pero las taser son nuevas para Carabineros y por eso tienen que prepararse para usarlas y lo que yo hice fue oficiar para tener esa informaci\u00f3n\u201d, expic\u00f3.<\/p>\n<p>Y no fue todo: \u201cQue un periodista de un canal encuentre que oficiar es entorpecer, es no entender la labor de una parlamentaria. Y a m\u00ed eso me parece m\u00e1s preocupante que el solo hecho de oficiar\u201d.<\/p>\n<p>La respuesta de Neme a Lorena Fr\u00edes<br \/>\nEnterdado de la respuesta, este lunes Neme carg\u00f3 nuevamente contra la exdirectora del INDH. Lo hizo a prop\u00f3sito de un ataque de ciudadanos ecuatorianos a guardias municipales en un edificio de Estaci\u00f3n Central.<\/p>\n<p>\u201cLas pistolas taser podr\u00edan haber servido en este caso. Podr\u00edan haber inmovilizado a ese ecuatoriano en dos minutos y terminamos con esta historia\u201d, asegur\u00f3.<\/p>\n<p>\u201cLa diputada Fr\u00edes el otro d\u00eda me mand\u00f3 un recado en CNN, donde dijo que yo no ten\u00eda idea de d\u00f3nde estaba parado&#8230; \u00a1Por supuesto que no tengo idea d\u00f3nde estoy parado! Porque no convivo con esa mierda, as\u00ed que no quiero saber tampoco\u201c, lanz\u00f3.<\/p>\n<p>Luego, Neme le envi\u00f3 un desaf\u00edo en tono ir\u00f3nico: \u201cAs\u00ed que yo la invito a usted y a la gente que piensa como usted, que vayan a convivir ah\u00ed a ese piso de Estaci\u00f3n Central, que se arrienden un departamento ah\u00ed poh, en vez de estar c\u00f3modamente sentada en la c\u00e1mara baja\u201d.<br \/>\nhttps:\/\/www.lacuarta.com\/chile\/noticia\/lo-repaso-en-pantalla-y-el-animador-no-se-lo-aguanto-neme-desafia-en-vivo-a-diputada-en-tenso-cruce-televisivo\/<br \/>\nFUENTE. LA CUARTA .COM<br \/>\nMEDIO DE DIFUSION, SIN FIN DE LUCRO ALGUNO <\/p>\n","protected":false},"excerpt":{"rendered":"<p>No hay tregua entre Jos\u00e9 Antonio Neme y la diputada Lorena Fr\u00edes (FA), por el uso de las pistolas taser. La parlamentaria respondi\u00f3 feroz dardo del animador y tuvo r\u00e9plica. Todo parti\u00f3 hace poco m\u00e1s de una semana cuando el animador del matinal Mucho Gusto (Mega) enfureci\u00f3 en pantalla al ver que la diputada Fr\u00edes [&hellip;]<\/p>\n","protected":false},"author":51,"featured_media":0,"comment_status":"open","ping_status":"open","sticky":false,"template":"","format":"standard","meta":{"footnotes":""},"categories":[8,4,9,5,16,1,31,11],"tags":[205,116],"class_list":["post-29508","post","type-post","status-publish","format-standard","hentry","category-cultura","category-economia","category-educacion","category-internacional","category-nacional","category-uncategorized","category-salud","category-tendencias","tag-chile","tag-tv"],"_links":{"self":[{"href":"http:\/\/www.lanuevaopcion.cl\/index.php?rest_route=\/wp\/v2\/posts\/29508","targetHints":{"allow":["GET"]}}],"collection":[{"href":"http:\/\/www.lanuevaopcion.cl\/index.php?rest_route=\/wp\/v2\/posts"}],"about":[{"href":"http:\/\/www.lanuevaopcion.cl\/index.php?rest_route=\/wp\/v2\/types\/post"}],"author":[{"embeddable":true,"href":"http:\/\/www.lanuevaopcion.cl\/index.php?rest_route=\/wp\/v2\/users\/51"}],"replies":[{"embeddable":true,"href":"http:\/\/www.lanuevaopcion.cl\/index.php?rest_route=%2Fwp%2Fv2%2Fcomments&post=29508"}],"version-history":[{"count":1,"href":"http:\/\/www.lanuevaopcion.cl\/index.php?rest_route=\/wp\/v2\/posts\/29508\/revisions"}],"predecessor-version":[{"id":29509,"href":"http:\/\/www.lanuevaopcion.cl\/index.php?rest_route=\/wp\/v2\/posts\/29508\/revisions\/29509"}],"wp:attachment":[{"href":"http:\/\/www.lanuevaopcion.cl\/index.php?rest_route=%2Fwp%2Fv2%2Fmedia&parent=29508"}],"wp:term":[{"taxonomy":"category","embeddable":true,"href":"http:\/\/www.lanuevaopcion.cl\/index.php?rest_route=%2Fwp%2Fv2%2Fcategories&post=29508"},{"taxonomy":"post_tag","embeddable":true,"href":"http:\/\/www.lanuevaopcion.cl\/index.php?rest_route=%2Fwp%2Fv2%2Ftags&post=29508"}],"curies":[{"name":"wp","href":"https:\/\/api.w.org\/{rel}","templated":true}]}}