{"id":29500,"date":"2025-09-02T11:17:13","date_gmt":"2025-09-02T11:17:13","guid":{"rendered":"http:\/\/www.lanuevaopcion.cl\/?p=29500"},"modified":"2025-09-02T11:17:13","modified_gmt":"2025-09-02T11:17:13","slug":"%e2%80%9cperiodista-insidiosa%e2%80%9d-meo-no-perdona-a-monserrat-alvarez-y-le-dedica-provocador-video-en-internet","status":"publish","type":"post","link":"http:\/\/www.lanuevaopcion.cl\/?p=29500","title":{"rendered":"\u201cPeriodista insidiosa\u201d: MEO no perdona a Monserrat \u00c1lvarez y le dedica provocador video en internet"},"content":{"rendered":"<p><img loading=\"lazy\" decoding=\"async\"  alt=\"\" src=\"https:\/\/www.lacuarta.com\/resizer\/v2\/BCPJLJENFNDEFNFM2OVAMWBNKQ.jpg?auth=4f7ccf7bc872a9e48befa38be20742668ea88ed2fb5c652e6caf93170346bfa1&#038;smart=true&#038;width=420&#038;height=236&#038;quality=70\" class=\"alignleft\" width=\"420\" height=\"236\" \/ class=\"alignleft\" style=\"margin-right:15px;margin-bottom:10px;float:left;\" ><br \/>\nMolesto qued\u00f3 Marco Enr\u00edquez-Ominami tras su paso por el matinal Buenos D\u00edas a Todos. Una pregunta de Monserrat \u00c1lvarez le sac\u00f3 una ir\u00f3nica respuesta en pantalla y luego, sigui\u00f3 despotricando en redes sociales.<\/p>\n<p>Todo parti\u00f3 cuando la animadora del matinal de TVN le consult\u00f3: \u201cEsta es su quinta candidatura presidencial, en las dos \u00faltimas usted qued\u00f3 en sexto lugar. \u00bfLe ofende cuando le dicen \u2018el candidato eterno\u2019?\u201d.<br \/>\n<!--more--><br \/>\nEnr\u00edquez-Ominami respondi\u00f3: \u201cEs como que si yo le dijera a usted que le va p\u00e9simo con su matinal, y usted sigue aqu\u00ed, usted persevera, tiene una misi\u00f3n como matinal. Y los felicito\u201d.<\/p>\n<p>El tenso cruce continu\u00f3 en pantalla y hasta Eduardo Fuentes tuvo que reprochar los dardos de MEO contra el matinal.<\/p>\n<p>Enr\u00edquez-Ominami carga contra Monserrat \u00c1lvarez<br \/>\nPero el tema no qued\u00f3 ah\u00ed. Horas m\u00e1s tarde, el esposo de Karen Doggenweiler utiliz\u00f3 sus redes sociales para continuar d\u00e1ndole al asunto.<\/p>\n<p>Y lo hizo compartiendo un video en \u201cX\u201d, con duros calificativos hacia Monserrat e incluso una gr\u00e1fica donde le deforma el rostro.<\/p>\n<p>\u201cMarco responde a periodista insidiosa e irresponsable que busca una cu\u00f1a f\u00e1cil\u201d, se lee en la gr\u00e1fica, que no se atribuye ninguna autor\u00eda.<\/p>\n<p>\u201cA preguntas necias&#8230;\u201d, agreg\u00f3 el pol\u00edtico en la publicaci\u00f3n.<\/p>\n<p>Luego, y a trav\u00e9s de la misma plataforma, el candidato sum\u00f3: \u201cLamento lo ocurrrido hoy en TVN. No deb\u00ed haberle dicho a Montserrat \u00c1lvarez que su matinal es el menos visto. Yo he competido 4 veces y no me ha ido bien. Por eso persevero. Ellos lo viven 4 veces por semana. Es duro, pero tienen que perseverar. Nanai\u201d.<br \/>\nhttps:\/\/www.lacuarta.com\/chile\/noticia\/periodista-insidiosa-meo-no-perdona-a-monserrat-alvarez-y-le-dedica-provocador-video-en-la-web\/<br \/>\nFUENTE. LA CUARTA.COM<br \/>\nMEDIO DE DIFUSION, SIN FIN DE LUCRO ALGUNO <\/p>\n","protected":false},"excerpt":{"rendered":"<p>Molesto qued\u00f3 Marco Enr\u00edquez-Ominami tras su paso por el matinal Buenos D\u00edas a Todos. Una pregunta de Monserrat \u00c1lvarez le sac\u00f3 una ir\u00f3nica respuesta en pantalla y luego, sigui\u00f3 despotricando en redes sociales. Todo parti\u00f3 cuando la animadora del matinal de TVN le consult\u00f3: \u201cEsta es su quinta candidatura presidencial, en las dos \u00faltimas usted [&hellip;]<\/p>\n","protected":false},"author":51,"featured_media":0,"comment_status":"open","ping_status":"open","sticky":false,"template":"","format":"standard","meta":{"footnotes":""},"categories":[8,4,9,5,16,1,31,11],"tags":[205,1559,45],"class_list":["post-29500","post","type-post","status-publish","format-standard","hentry","category-cultura","category-economia","category-educacion","category-internacional","category-nacional","category-uncategorized","category-salud","category-tendencias","tag-chile","tag-matinal","tag-television"],"_links":{"self":[{"href":"http:\/\/www.lanuevaopcion.cl\/index.php?rest_route=\/wp\/v2\/posts\/29500","targetHints":{"allow":["GET"]}}],"collection":[{"href":"http:\/\/www.lanuevaopcion.cl\/index.php?rest_route=\/wp\/v2\/posts"}],"about":[{"href":"http:\/\/www.lanuevaopcion.cl\/index.php?rest_route=\/wp\/v2\/types\/post"}],"author":[{"embeddable":true,"href":"http:\/\/www.lanuevaopcion.cl\/index.php?rest_route=\/wp\/v2\/users\/51"}],"replies":[{"embeddable":true,"href":"http:\/\/www.lanuevaopcion.cl\/index.php?rest_route=%2Fwp%2Fv2%2Fcomments&post=29500"}],"version-history":[{"count":1,"href":"http:\/\/www.lanuevaopcion.cl\/index.php?rest_route=\/wp\/v2\/posts\/29500\/revisions"}],"predecessor-version":[{"id":29501,"href":"http:\/\/www.lanuevaopcion.cl\/index.php?rest_route=\/wp\/v2\/posts\/29500\/revisions\/29501"}],"wp:attachment":[{"href":"http:\/\/www.lanuevaopcion.cl\/index.php?rest_route=%2Fwp%2Fv2%2Fmedia&parent=29500"}],"wp:term":[{"taxonomy":"category","embeddable":true,"href":"http:\/\/www.lanuevaopcion.cl\/index.php?rest_route=%2Fwp%2Fv2%2Fcategories&post=29500"},{"taxonomy":"post_tag","embeddable":true,"href":"http:\/\/www.lanuevaopcion.cl\/index.php?rest_route=%2Fwp%2Fv2%2Ftags&post=29500"}],"curies":[{"name":"wp","href":"https:\/\/api.w.org\/{rel}","templated":true}]}}