{"id":29483,"date":"2025-08-22T11:52:50","date_gmt":"2025-08-22T11:52:50","guid":{"rendered":"http:\/\/www.lanuevaopcion.cl\/?p=29483"},"modified":"2025-08-22T11:52:50","modified_gmt":"2025-08-22T11:52:50","slug":"%c2%bfse-va-del-pais-karol-lucero-conto-la-firme-tras-nueva-funa","status":"publish","type":"post","link":"http:\/\/www.lanuevaopcion.cl\/?p=29483","title":{"rendered":"\u00bfSe va del pa\u00eds? Karol Lucero cont\u00f3 la firme tras nueva funa"},"content":{"rendered":"<p><img loading=\"lazy\" decoding=\"async\"  alt=\"\" src=\"https:\/\/www.lacuarta.com\/resizer\/v2\/UJB2CSSQLNFG7HYSJ752WDVZ4Q.png?auth=7952112963e398e81e294d38cef127be8992fb7fedd14e53a0104a10679ff422&#038;smart=true&#038;width=420&#038;height=236&#038;quality=70\" class=\"alignleft\" width=\"420\" height=\"236\" \/ class=\"alignleft\" style=\"margin-right:15px;margin-bottom:10px;float:left;\" ><br \/>\nKarol Lucero otra vez est\u00e1 en el centro de la pol\u00e9mica tras destaparse su infidelidad con la DJ Isi Glock hace unos d\u00edas.<\/p>\n<p>Un hecho que el mismo comunicador reconoci\u00f3 en conversaci\u00f3n con la periodista de far\u00e1ndula Paula Escobar.<\/p>\n<p>\u201cEstoy muy afectado, asumo mi error y la cagu\u00e9 hasta el fondo. Soy el culpable de todo y ca\u00ed\u201d, asegur\u00f3 v\u00eda mensaje de WhatsApp.<br \/>\n<!--more--><\/p>\n<p>\u201cFue solo una vez, pero ella buscaba el esc\u00e1ndalo y Fran no merece pasar por todo esto. Por eso me mantengo al margen y no acept\u00e9 dar mi versi\u00f3n, puesto que la verdad es una sola y yo comet\u00ed el error\u201d, complement\u00f3.<\/p>\n<p>Tras la entrevista que Isi Glock dio en Primer Plano de CHV el domingo pasado, Lucero mantuvo silencio hasta ahora. Sin embargo, volvi\u00f3 a hablar con Escobar para desmentir rumores sobre su situaci\u00f3n personal.<\/p>\n<p>Cabe destacar que anteriormente Cecilia Guti\u00e9rrez afirm\u00f3 que Karol dej\u00f3 el departamento que compart\u00eda con Fran Virgilio para irse a vivir con su madre. Adem\u00e1s, se\u00f1al\u00f3 que la pareja se habr\u00eda separado y que el ex Yingo pensaba irse del pa\u00eds.<\/p>\n<p>\u201cTodo es falso\u201d<\/p>\n<p>\u201cEs s\u00faper f\u00e1cil de aclarar que todo es falso. Nunca me fui a vivir donde mi mam\u00e1, solo he hablado con ella. No me voy a ir del pa\u00eds, no lo tengo en mis planes. No entiendo por qu\u00e9 se invent\u00f3 aquello y tampoco me echaron de la casa. No s\u00e9 de d\u00f3nde sacaron esa informaci\u00f3n, eso es falso\u201d, dijo a la periodista de Zona de Estrellas.<\/p>\n<p>Sobre si sigue junto a su esposa, con quien se cas\u00f3 hace menos de un a\u00f1o, prefiri\u00f3 no referirse al tema, enfatizando que es parte de su vida privada.<\/p>\n<p>Aunque, seg\u00fan el mismo panel de Zona de Estrellas, tras sus reportes y conversaciones con vecinos del jefe de Like Media, Fran habr\u00eda sido quien dej\u00f3 la vivienda.<br \/>\nhttps:\/\/www.lacuarta.com\/espectaculos\/noticia\/se-va-del-pais-karol-lucero-conto-la-firme-tras-nueva-funa\/<br \/>\nFUENTE. LA CUARTA.COM<br \/>\nMEDIO DE DIFUSION, SIN FIN DE LUCRO ALGUNO <\/p>\n","protected":false},"excerpt":{"rendered":"<p>Karol Lucero otra vez est\u00e1 en el centro de la pol\u00e9mica tras destaparse su infidelidad con la DJ Isi Glock hace unos d\u00edas. Un hecho que el mismo comunicador reconoci\u00f3 en conversaci\u00f3n con la periodista de far\u00e1ndula Paula Escobar. \u201cEstoy muy afectado, asumo mi error y la cagu\u00e9 hasta el fondo. Soy el culpable de [&hellip;]<\/p>\n","protected":false},"author":51,"featured_media":0,"comment_status":"open","ping_status":"open","sticky":false,"template":"","format":"standard","meta":{"footnotes":""},"categories":[9,16,31,11],"tags":[205,138,100,116],"class_list":["post-29483","post","type-post","status-publish","format-standard","hentry","category-educacion","category-nacional","category-salud","category-tendencias","tag-chile","tag-espectaculo","tag-farandula","tag-tv"],"_links":{"self":[{"href":"http:\/\/www.lanuevaopcion.cl\/index.php?rest_route=\/wp\/v2\/posts\/29483","targetHints":{"allow":["GET"]}}],"collection":[{"href":"http:\/\/www.lanuevaopcion.cl\/index.php?rest_route=\/wp\/v2\/posts"}],"about":[{"href":"http:\/\/www.lanuevaopcion.cl\/index.php?rest_route=\/wp\/v2\/types\/post"}],"author":[{"embeddable":true,"href":"http:\/\/www.lanuevaopcion.cl\/index.php?rest_route=\/wp\/v2\/users\/51"}],"replies":[{"embeddable":true,"href":"http:\/\/www.lanuevaopcion.cl\/index.php?rest_route=%2Fwp%2Fv2%2Fcomments&post=29483"}],"version-history":[{"count":1,"href":"http:\/\/www.lanuevaopcion.cl\/index.php?rest_route=\/wp\/v2\/posts\/29483\/revisions"}],"predecessor-version":[{"id":29484,"href":"http:\/\/www.lanuevaopcion.cl\/index.php?rest_route=\/wp\/v2\/posts\/29483\/revisions\/29484"}],"wp:attachment":[{"href":"http:\/\/www.lanuevaopcion.cl\/index.php?rest_route=%2Fwp%2Fv2%2Fmedia&parent=29483"}],"wp:term":[{"taxonomy":"category","embeddable":true,"href":"http:\/\/www.lanuevaopcion.cl\/index.php?rest_route=%2Fwp%2Fv2%2Fcategories&post=29483"},{"taxonomy":"post_tag","embeddable":true,"href":"http:\/\/www.lanuevaopcion.cl\/index.php?rest_route=%2Fwp%2Fv2%2Ftags&post=29483"}],"curies":[{"name":"wp","href":"https:\/\/api.w.org\/{rel}","templated":true}]}}