{"id":2948,"date":"2009-07-04T22:08:14","date_gmt":"2009-07-05T01:08:14","guid":{"rendered":"http:\/\/www.lanuevaopcion.cl\/?p=2948"},"modified":"2009-07-04T22:08:14","modified_gmt":"2009-07-05T01:08:14","slug":"diputado-valenzuela-pide-investigar-colusion-en-precios-de-pasajes-de-buses-interurbanos","status":"publish","type":"post","link":"http:\/\/www.lanuevaopcion.cl\/?p=2948","title":{"rendered":"Diputado Valenzuela pide investigar colusi\u00f3n en precios de pasajes de buses interurbanos"},"content":{"rendered":"<p><img loading=\"lazy\" decoding=\"async\"  alt=\"\" src=\"http:\/\/www.elmostrador.cl\/images\/galerias\/categoria1\/esteban_2009-02-03.jpg\" class=\"alignleft\" width=\"231\" height=\"231\" \/ class=\"alignleft\" style=\"margin-right:15px;margin-bottom:10px;float:left;\" >VALPARA\u00cdSO.- Un llamado a la Fiscal\u00eda Nacional Econ\u00f3mica a informar acerca de la solicitud de investigar sobre la posible colusi\u00f3n de precios en el mercado de transporte p\u00fablico interurbano en per\u00edodos de fiestas, hizo el diputado independiente Esteban Valenzuela.<\/p>\n<p>El parlamentario pidi\u00f3 al fiscal Enrique Vergara indagar esta situaci\u00f3n, pues no es claro c\u00f3mo se han manejado las tarifas en el \u00faltimo tiempo, haci\u00e9ndose m\u00e1s notorio durante los fines de semana largos, semana santa, fiestas patrias y fin de a\u00f1o.<\/p>\n<p><!--more--><\/p>\n<p>En ese sentido, sostuvo que se ha constatado que el alza en los valores superaba el 40 por ciento de una semana normal.<\/p>\n<p>En la oportunidad, Valenzuela record\u00f3 que han sido distintos parlamentarios los que solicitan la intervenci\u00f3n de la Fiscal\u00eda Nacional y su pronunciamiento, con \u00abel af\u00e1n de hacer transparencia en el mercado y evitar la colusi\u00f3n abusiva en fines de semana de alta demanda de ciudadanos\u00bb.<\/p>\n<p>\u00abEsperamos que las indagaciones que pueda hacer la Fiscal\u00eda sean lo antes posible, debido a la proximidad de fines de semana largos, las vacaciones de invierno de los estudiantes y las fiestas patrias que se avecinan\u00bb, manifest\u00f3 el legislador por la sexta regi\u00f3n<\/p>\n<p>FUENTE. EMOL.COM<\/p>\n","protected":false},"excerpt":{"rendered":"<p>VALPARA\u00cdSO.- Un llamado a la Fiscal\u00eda Nacional Econ\u00f3mica a informar acerca de la solicitud de investigar sobre la posible colusi\u00f3n de precios en el mercado de transporte p\u00fablico interurbano en per\u00edodos de fiestas, hizo el diputado independiente Esteban Valenzuela. El parlamentario pidi\u00f3 al fiscal Enrique Vergara indagar esta situaci\u00f3n, pues no es claro c\u00f3mo se [&hellip;]<\/p>\n","protected":false},"author":1,"featured_media":0,"comment_status":"open","ping_status":"open","sticky":false,"template":"","format":"standard","meta":{"footnotes":""},"categories":[16],"tags":[1628],"class_list":["post-2948","post","type-post","status-publish","format-standard","hentry","category-nacional","tag-uncategorized"],"_links":{"self":[{"href":"http:\/\/www.lanuevaopcion.cl\/index.php?rest_route=\/wp\/v2\/posts\/2948","targetHints":{"allow":["GET"]}}],"collection":[{"href":"http:\/\/www.lanuevaopcion.cl\/index.php?rest_route=\/wp\/v2\/posts"}],"about":[{"href":"http:\/\/www.lanuevaopcion.cl\/index.php?rest_route=\/wp\/v2\/types\/post"}],"author":[{"embeddable":true,"href":"http:\/\/www.lanuevaopcion.cl\/index.php?rest_route=\/wp\/v2\/users\/1"}],"replies":[{"embeddable":true,"href":"http:\/\/www.lanuevaopcion.cl\/index.php?rest_route=%2Fwp%2Fv2%2Fcomments&post=2948"}],"version-history":[{"count":1,"href":"http:\/\/www.lanuevaopcion.cl\/index.php?rest_route=\/wp\/v2\/posts\/2948\/revisions"}],"predecessor-version":[{"id":2949,"href":"http:\/\/www.lanuevaopcion.cl\/index.php?rest_route=\/wp\/v2\/posts\/2948\/revisions\/2949"}],"wp:attachment":[{"href":"http:\/\/www.lanuevaopcion.cl\/index.php?rest_route=%2Fwp%2Fv2%2Fmedia&parent=2948"}],"wp:term":[{"taxonomy":"category","embeddable":true,"href":"http:\/\/www.lanuevaopcion.cl\/index.php?rest_route=%2Fwp%2Fv2%2Fcategories&post=2948"},{"taxonomy":"post_tag","embeddable":true,"href":"http:\/\/www.lanuevaopcion.cl\/index.php?rest_route=%2Fwp%2Fv2%2Ftags&post=2948"}],"curies":[{"name":"wp","href":"https:\/\/api.w.org\/{rel}","templated":true}]}}