{"id":2945,"date":"2009-07-04T18:34:13","date_gmt":"2009-07-04T21:34:13","guid":{"rendered":"http:\/\/www.lanuevaopcion.cl\/?p=2945"},"modified":"2009-07-04T18:34:27","modified_gmt":"2009-07-04T21:34:27","slug":"justicia-prohibio-la-difusion-de-la-imagen-de-valeria-mazza-por-internet","status":"publish","type":"post","link":"http:\/\/www.lanuevaopcion.cl\/?p=2945","title":{"rendered":"Justicia prohibi\u00f3 la difusi\u00f3n de la imagen de Valeria Mazza por Internet"},"content":{"rendered":"<p><img loading=\"lazy\" decoding=\"async\"  alt=\"\" src=\"http:\/\/www.fotos.org\/galeria\/data\/733\/Valeria_Mazza_en_maya_sexy.jpg\" class=\"alignleft\" width=\"300\" height=\"400\" \/ class=\"alignleft\" style=\"margin-right:15px;margin-bottom:10px;float:left;\" >BUENOS AIRES (DyN).- La modelo Valeria Mazza consigui\u00f3 que la justicia prohibiera la utilizaci\u00f3n de su imagen en los portales de Internet ordenados por los buscadores Yahoo! y Google. <\/p>\n<p>La medida extiende la prohibici\u00f3n que Valeria Mazza ya hab\u00eda obtenido anteriormente sobre la aparici\u00f3n de su nombre y fotograf\u00edas \u00aben p\u00e1ginas de Internet con contenido er\u00f3tico, pornogr\u00e1fico o de servicios de acompa\u00f1antes\u00bb. <\/p>\n<p>Despu\u00e9s de obtenida esa medida, la modelo insisti\u00f3 para que \u00absea resguardada su imagen, persiguiendo de los buscadores demandados el cese del uso de su imagen y fotograf\u00eda\u00bb. <\/p>\n<p><!--more--><\/p>\n<p>La Sala L de la C\u00e1mara Civil, integrada por los jueces V\u00edctor Liberman, Marcela Perez Pardo y Oscar Rebaudi Basavilbaso, hizo lugar a una medida cautelar planteada por la mannequin, cuya \u00abpretensi\u00f3n principal\u00bb era hacer cesar \u00abel uso comercial y no autorizado de su imagen\u00bb en la red, \u00aby al cese definitivo del uso antijur\u00eddico y no autorizado de la imagen\u00bb. <\/p>\n<p>\u00abEl Tribunal interpreta veros\u00edmil el derecho invocado, en orden a lo previsto en la ley 11.723 (de Propiedad Intelectual, ndr)\u00bb, por lo que ratific\u00f3 la prohibici\u00f3n de exhibir im\u00e1genes de Mazza en las p\u00e1ginas de los dos principales motores de b\u00fasqueda en Internet. <\/p>\n<p>FUENTE . La Naci\u00f3n de Buenos Aires, GDA<br \/>\nFUENTE.EN CHILE.EMOL.COM<br \/>\nFOTO.GOOGLE.CL<\/p>\n","protected":false},"excerpt":{"rendered":"<p>BUENOS AIRES (DyN).- La modelo Valeria Mazza consigui\u00f3 que la justicia prohibiera la utilizaci\u00f3n de su imagen en los portales de Internet ordenados por los buscadores Yahoo! y Google. La medida extiende la prohibici\u00f3n que Valeria Mazza ya hab\u00eda obtenido anteriormente sobre la aparici\u00f3n de su nombre y fotograf\u00edas \u00aben p\u00e1ginas de Internet con contenido [&hellip;]<\/p>\n","protected":false},"author":1,"featured_media":0,"comment_status":"open","ping_status":"open","sticky":false,"template":"","format":"standard","meta":{"footnotes":""},"categories":[5],"tags":[1630],"class_list":["post-2945","post","type-post","status-publish","format-standard","hentry","category-internacional","tag-internacional"],"_links":{"self":[{"href":"http:\/\/www.lanuevaopcion.cl\/index.php?rest_route=\/wp\/v2\/posts\/2945","targetHints":{"allow":["GET"]}}],"collection":[{"href":"http:\/\/www.lanuevaopcion.cl\/index.php?rest_route=\/wp\/v2\/posts"}],"about":[{"href":"http:\/\/www.lanuevaopcion.cl\/index.php?rest_route=\/wp\/v2\/types\/post"}],"author":[{"embeddable":true,"href":"http:\/\/www.lanuevaopcion.cl\/index.php?rest_route=\/wp\/v2\/users\/1"}],"replies":[{"embeddable":true,"href":"http:\/\/www.lanuevaopcion.cl\/index.php?rest_route=%2Fwp%2Fv2%2Fcomments&post=2945"}],"version-history":[{"count":2,"href":"http:\/\/www.lanuevaopcion.cl\/index.php?rest_route=\/wp\/v2\/posts\/2945\/revisions"}],"predecessor-version":[{"id":2947,"href":"http:\/\/www.lanuevaopcion.cl\/index.php?rest_route=\/wp\/v2\/posts\/2945\/revisions\/2947"}],"wp:attachment":[{"href":"http:\/\/www.lanuevaopcion.cl\/index.php?rest_route=%2Fwp%2Fv2%2Fmedia&parent=2945"}],"wp:term":[{"taxonomy":"category","embeddable":true,"href":"http:\/\/www.lanuevaopcion.cl\/index.php?rest_route=%2Fwp%2Fv2%2Fcategories&post=2945"},{"taxonomy":"post_tag","embeddable":true,"href":"http:\/\/www.lanuevaopcion.cl\/index.php?rest_route=%2Fwp%2Fv2%2Ftags&post=2945"}],"curies":[{"name":"wp","href":"https:\/\/api.w.org\/{rel}","templated":true}]}}