{"id":29433,"date":"2025-07-24T12:10:18","date_gmt":"2025-07-24T12:10:18","guid":{"rendered":"http:\/\/www.lanuevaopcion.cl\/?p=29433"},"modified":"2025-07-24T12:10:18","modified_gmt":"2025-07-24T12:10:18","slug":"revelo-llamada-el-dia-del-asesinato-francisco-kaminski-confirmo-que-fue-interrogado-por-crimen-del-%e2%80%9crey-de-meiggs%e2%80%9d","status":"publish","type":"post","link":"http:\/\/www.lanuevaopcion.cl\/?p=29433","title":{"rendered":"Revel\u00f3 llamada el d\u00eda del asesinato: Francisco Kaminski confirm\u00f3 que fue interrogado por crimen del \u201cRey de Meiggs\u201d"},"content":{"rendered":"<p><img loading=\"lazy\" decoding=\"async\"  alt=\"\" src=\"https:\/\/www.lacuarta.com\/resizer\/v2\/QVYO7D5O6FA3ZOQZLTOXU5BHMI.jpg?auth=17fbcac0dd3328379010ab92c5df28607c437b0572b1d084a41ddb7a2ba7cb28&#038;smart=true&#038;width=420&#038;height=236&#038;quality=70\" class=\"alignleft\" width=\"420\" height=\"236\" \/ class=\"alignleft\" style=\"margin-right:15px;margin-bottom:10px;float:left;\" ><br \/>\nLuego que se filtrara a la prensa, Francisco Kaminski sali\u00f3 a confirmar que fue citado por la Fiscal\u00eda a declarar como testigo en el caso del asesinato del \u201cRey de Meiggs\u201d.<\/p>\n<p>El animador fue sometido a las preguntas de la Fiscal\u00eda Metropolitana Oriente en el marco de la investigaci\u00f3n del sicariato que termin\u00f3 con la vida del comerciante Jos\u00e9 Felipe Reyes Ossa.<br \/>\n<!--more--><br \/>\nSeg\u00fan T13, el nombre del comunicado apareci\u00f3 mencionado en la causa por un grado de conocimiento con uno de los implicados en los hechos.<\/p>\n<p>Kaminski habla del caso Rey de Meiggs<\/p>\n<p>Kaminski revel\u00f3 llamada del Rey de Meiggs el mismo d\u00eda del crimen.<br \/>\nFue as\u00ed como el mismo locutor quiso confirmar la diligencia que protagoniz\u00f3 y explicar el motivo. Revel\u00f3 que tuvo contacto con la v\u00edctima del sicariato.<\/p>\n<p>\u201cEsta tarde fui citado a declarar ante la Fiscal\u00eda por el caso de Jos\u00e9 Felipe Reyes\u201d, parti\u00f3 afirmando, a trav\u00e9s de una publicaci\u00f3n en Instagram.<\/p>\n<p>\u201cEl \u00fanico v\u00ednculo que tengo con la investigaci\u00f3n es el haber recibido una de las tantas llamadas hechas por Jos\u00e9 Felipe Reyes el d\u00eda que acontecieron los hechos\u201d, revel\u00f3.<\/p>\n<p>Kaminski asegur\u00f3 que no fue m\u00e1s que una \u201cllamada social\u201d y que se enter\u00f3 del crimen solo por la prensa.<\/p>\n<p>\u201cTal como lo expres\u00e9 en mi declaraci\u00f3n, s\u00f3lo recib\u00ed una llamada social. Eso es todo cuanto puedo referirme a un caso que conozco s\u00f3lo por publicaciones de prensa y que en lo absoluto se vincula a mi persona\u201d, asegur\u00f3 el periodista.<br \/>\nhttps:\/\/www.lacuarta.com\/chile\/noticia\/revelo-llamada-el-dia-del-asesinato-francisco-kaminski-confirmo-que-fue-interrogado-por-crimen-del-rey-de-meiggs\/<br \/>\nFUENTE.LA CUARTA.COM<br \/>\nMEDIO DE DIFUSION, SIN FIN DE LUCRO ALGUNO <\/p>\n","protected":false},"excerpt":{"rendered":"<p>Luego que se filtrara a la prensa, Francisco Kaminski sali\u00f3 a confirmar que fue citado por la Fiscal\u00eda a declarar como testigo en el caso del asesinato del \u201cRey de Meiggs\u201d. El animador fue sometido a las preguntas de la Fiscal\u00eda Metropolitana Oriente en el marco de la investigaci\u00f3n del sicariato que termin\u00f3 con la [&hellip;]<\/p>\n","protected":false},"author":51,"featured_media":0,"comment_status":"open","ping_status":"open","sticky":false,"template":"","format":"standard","meta":{"footnotes":""},"categories":[8,4,5,16,30,11],"tags":[205,138,315],"class_list":["post-29433","post","type-post","status-publish","format-standard","hentry","category-cultura","category-economia","category-internacional","category-nacional","category-policial","category-tendencias","tag-chile","tag-espectaculo","tag-fiscalia"],"_links":{"self":[{"href":"http:\/\/www.lanuevaopcion.cl\/index.php?rest_route=\/wp\/v2\/posts\/29433","targetHints":{"allow":["GET"]}}],"collection":[{"href":"http:\/\/www.lanuevaopcion.cl\/index.php?rest_route=\/wp\/v2\/posts"}],"about":[{"href":"http:\/\/www.lanuevaopcion.cl\/index.php?rest_route=\/wp\/v2\/types\/post"}],"author":[{"embeddable":true,"href":"http:\/\/www.lanuevaopcion.cl\/index.php?rest_route=\/wp\/v2\/users\/51"}],"replies":[{"embeddable":true,"href":"http:\/\/www.lanuevaopcion.cl\/index.php?rest_route=%2Fwp%2Fv2%2Fcomments&post=29433"}],"version-history":[{"count":1,"href":"http:\/\/www.lanuevaopcion.cl\/index.php?rest_route=\/wp\/v2\/posts\/29433\/revisions"}],"predecessor-version":[{"id":29434,"href":"http:\/\/www.lanuevaopcion.cl\/index.php?rest_route=\/wp\/v2\/posts\/29433\/revisions\/29434"}],"wp:attachment":[{"href":"http:\/\/www.lanuevaopcion.cl\/index.php?rest_route=%2Fwp%2Fv2%2Fmedia&parent=29433"}],"wp:term":[{"taxonomy":"category","embeddable":true,"href":"http:\/\/www.lanuevaopcion.cl\/index.php?rest_route=%2Fwp%2Fv2%2Fcategories&post=29433"},{"taxonomy":"post_tag","embeddable":true,"href":"http:\/\/www.lanuevaopcion.cl\/index.php?rest_route=%2Fwp%2Fv2%2Ftags&post=29433"}],"curies":[{"name":"wp","href":"https:\/\/api.w.org\/{rel}","templated":true}]}}