{"id":29420,"date":"2025-07-15T12:12:41","date_gmt":"2025-07-15T12:12:41","guid":{"rendered":"http:\/\/www.lanuevaopcion.cl\/?p=29420"},"modified":"2025-07-15T12:13:24","modified_gmt":"2025-07-15T12:13:24","slug":"%e2%80%9c%c2%a1se-hicieron-los-hue%e2%80%9c-fuerte-encontron-en-vivo-entre-mario-desbordes-y-afectados-por-incendio-en-santiago","status":"publish","type":"post","link":"http:\/\/www.lanuevaopcion.cl\/?p=29420","title":{"rendered":"\u201c\u00a1Se hicieron los hue&#8230;!\u201c: Fuerte encontr\u00f3n en vivo entre Mario Desbordes y afectados por incendio en Santiago"},"content":{"rendered":"<p><img loading=\"lazy\" decoding=\"async\"  alt=\"\" src=\"https:\/\/www.lacuarta.com\/resizer\/v2\/UNMJ4VZADJCKHEI3662SVCVJE4.jpg?auth=198e0a9db27d66a0055fbe92bcb0b360f33db70c69dc9b05a54b841f60103411&#038;smart=true&#038;width=420&#038;height=236&#038;quality=70\" class=\"alignleft\" width=\"420\" height=\"236\" \/ class=\"alignleft\" style=\"margin-right:15px;margin-bottom:10px;float:left;\" ><br \/>\nUn momento de alta tensi\u00f3n vivi\u00f3 el alcalde de Santiago, Mario Desbordes, con un grupo de afectados por el incendio que el jueves afect\u00f3 a un edificio en pleno centro de la capital.<\/p>\n<p>A cuatro d\u00edas de la emergencia que oblig\u00f3 a evacuar a m\u00e1s de 200 personas a un costado de la Plaza de Armas, las autoridades siguen indagando lo ocurrido y la situaci\u00f3n de las bodegas clandestinas que all\u00ed operaban.<br \/>\n<!--more--><br \/>\nEn tanto, residentes y locatarios se encuentran en alerta, tanto por el futuro del inmueble, como por denuncias de robos tras el siniestro y las alertas que ya exist\u00edan sobre ilegalidades en los subterr\u00e1neos.<\/p>\n<p>Mario Desbordes increpado por vecinas<br \/>\nEn ese escenario, Desbordes fue visto la tarde de este lunes en el frontis del edificio, donde convers\u00f3 con La Tarde es Nuestra, de Canal 13. Cuando se retiraba del lugar, fue increpado por mujeres que le reclamaban por supuestas fiscalizaciones no realizadas. Los gritos molestaron a la autoridad.<\/p>\n<p>\u201c\u00a1Todos sab\u00edan lo que estaba pasando!\u201c, fue parte de lo que le reproch\u00f3 una residente del lugar.<\/p>\n<p>Desbordes respondi\u00f3: \u201cSe\u00f1ora, me reun\u00ed con su comit\u00e9. \u00a1Usted es la misma que me ha repetido 10 veces el mismo discurso!\u201c.<\/p>\n<p>El alcalde se retir\u00f3 raudo y las afectadas le segu\u00edan gritando: \u201c\u00a1No! \u00a1Nunca he hablado con usted! \u00a1Mentiroso!\u201c.<\/p>\n<p>La misma vecina luego aleg\u00f3 en pantalla: \u201cNosotros ve\u00edamos lo que estaba sucediendo en el subterr\u00e1neo, hablamos con la administraci\u00f3n y le bajaron el perfil (&#8230;) \u00a1Se hicieron los huevones! Esa es la verdad\u201c.<\/p>\n<p>Poco antes, Desbordes hab\u00eda comentado que antes del incendio trabajaban en pesquisar bodegas irregulares, pero no hab\u00edan recibido una denuncia sobre aquellas donde se origin\u00f3 la emergencia del jueves pasado.<\/p>\n<p>Sobre el origen y las causas precisas del fuego, dijo que a\u00fan no existe ninguna certeza.<br \/>\nhttps:\/\/www.lacuarta.com\/chile\/noticia\/se-hicieron-los-hue-fuerte-encontron-en-vivo-entre-mario-desbordes-y-afectados-por-incendio-en-santiago\/<br \/>\nFUENTE. LA CUARTA.COM<br \/>\nMEDIO DE DIFUSION, SIN FIN DE LUCRO ALGUNO<\/p>\n","protected":false},"excerpt":{"rendered":"<p>Un momento de alta tensi\u00f3n vivi\u00f3 el alcalde de Santiago, Mario Desbordes, con un grupo de afectados por el incendio que el jueves afect\u00f3 a un edificio en pleno centro de la capital. A cuatro d\u00edas de la emergencia que oblig\u00f3 a evacuar a m\u00e1s de 200 personas a un costado de la Plaza de [&hellip;]<\/p>\n","protected":false},"author":51,"featured_media":0,"comment_status":"open","ping_status":"open","sticky":false,"template":"","format":"standard","meta":{"footnotes":""},"categories":[4,16,30,31,11],"tags":[1541,1417,157],"class_list":["post-29420","post","type-post","status-publish","format-standard","hentry","category-economia","category-nacional","category-policial","category-salud","category-tendencias","tag-edificio-plaza-de-armas","tag-mario-desbordes","tag-santiago"],"_links":{"self":[{"href":"http:\/\/www.lanuevaopcion.cl\/index.php?rest_route=\/wp\/v2\/posts\/29420","targetHints":{"allow":["GET"]}}],"collection":[{"href":"http:\/\/www.lanuevaopcion.cl\/index.php?rest_route=\/wp\/v2\/posts"}],"about":[{"href":"http:\/\/www.lanuevaopcion.cl\/index.php?rest_route=\/wp\/v2\/types\/post"}],"author":[{"embeddable":true,"href":"http:\/\/www.lanuevaopcion.cl\/index.php?rest_route=\/wp\/v2\/users\/51"}],"replies":[{"embeddable":true,"href":"http:\/\/www.lanuevaopcion.cl\/index.php?rest_route=%2Fwp%2Fv2%2Fcomments&post=29420"}],"version-history":[{"count":2,"href":"http:\/\/www.lanuevaopcion.cl\/index.php?rest_route=\/wp\/v2\/posts\/29420\/revisions"}],"predecessor-version":[{"id":29422,"href":"http:\/\/www.lanuevaopcion.cl\/index.php?rest_route=\/wp\/v2\/posts\/29420\/revisions\/29422"}],"wp:attachment":[{"href":"http:\/\/www.lanuevaopcion.cl\/index.php?rest_route=%2Fwp%2Fv2%2Fmedia&parent=29420"}],"wp:term":[{"taxonomy":"category","embeddable":true,"href":"http:\/\/www.lanuevaopcion.cl\/index.php?rest_route=%2Fwp%2Fv2%2Fcategories&post=29420"},{"taxonomy":"post_tag","embeddable":true,"href":"http:\/\/www.lanuevaopcion.cl\/index.php?rest_route=%2Fwp%2Fv2%2Ftags&post=29420"}],"curies":[{"name":"wp","href":"https:\/\/api.w.org\/{rel}","templated":true}]}}