{"id":29409,"date":"2025-07-12T19:44:53","date_gmt":"2025-07-12T19:44:53","guid":{"rendered":"http:\/\/www.lanuevaopcion.cl\/?p=29409"},"modified":"2025-08-20T20:29:36","modified_gmt":"2025-08-20T20:29:36","slug":"senadora-ximena-rincon-adhiere-a-proyecto-de-meritocratico-de-20-aniversario-de-la-asociacion-de-tecnicos-juridicos-y-afines-de-chile","status":"publish","type":"post","link":"http:\/\/www.lanuevaopcion.cl\/?p=29409","title":{"rendered":"Senadora Ximena Rinc\u00f3n, adhiere a proyecto de meritocr\u00e1tico de 20 aniversario de la Asociaci\u00f3n de T\u00e9cnicos Jur\u00eddicos y Afines de chile"},"content":{"rendered":"<p><img loading=\"lazy\" decoding=\"async\"  alt=\"\" src=\"https:\/\/pbs.twimg.com\/profile_images\/1650870334000603138\/NI40Z1-j_400x400.jpg\" class=\"alignleft\" width=\"400\" height=\"400\" \/ class=\"alignleft\" style=\"margin-right:15px;margin-bottom:10px;float:left;\" ><\/p>\n<p>Por Oscar Barrera.<\/p>\n<p>Con agrado y orgullo recibimos el saludo de la Senadora Ximena Rinc\u00f3n, en el marco de la renovaci\u00f3n del directorio periodo (2025-2028) potencial candidata a la presidencia de Chile, en este nuevo aniversario de la Asociaci\u00f3n de T\u00e9cnicos Jur\u00eddicos de Chile. Los 20 a\u00f1os de nuestra orden no fue olvidada por los poderes del Estado. Felicitaciones a todos los t\u00e9cnicos Jur\u00eddicos y Afines de<br \/>\nChile, por cumplir 20 a\u00f1os de vida blindados por una personalidad jur\u00eddica que en rigor, en el marco de su renovaci\u00f3n  es un llamado a fortalecer el rigor y la probidad en tiempos donde el m\u00e9rito es un bien escaso. No lo decimos como una reacci\u00f3n ante la crisis \u00e9tica declarada por la Contralor\u00eda General de la Rep\u00fablica, los comit\u00e9s pol\u00edticos y los titulares de prensa.<br \/>\n<!--more--><br \/>\nEn un pa\u00eds donde la meritocracia y el esfuerzo individual son valores tan pregonados, la reciente conmemoraci\u00f3n de dos d\u00e9cadas de gesti\u00f3n gremial nos invita a una reflexi\u00f3n profunda sobre el valor de la formaci\u00f3n y el destino de nuestros profesionales. Cerca de 11 mil simpatizantes y socios celebran con orgullo sus logros que van desde la realizaci\u00f3n de cursos y cl\u00ednicas, consiguiendo becas con privados, cerrar convenios con universidad para seguir la carrera de abogados, que no todos pueden hacer , adem\u00e1s la inauguraci\u00f3n de un libro autogestionado y otros testimonios de perseverancia que, ojo siempre en silencio , porque esta asociaci\u00f3n no es un partido pol\u00edtico como o es la CUT, que adem\u00e1s es financiada por el estado de turno , para que le pegue patadas  bajo mesa, quiz\u00e1s , en este gobierno actuar nunca tuvieron que patearla??. Sentencio Pontigo<br \/>\n Por otro lado sin duda, forjan la patria a trav\u00e9s del esfuerzo institucional. Sin embargo, en medio de esta merecida conmemoraci\u00f3n emerge una propuesta que ha capturado la atenci\u00f3n, delineando un camino tan audaz como peculiar para dignificar la labor de todos los t\u00e9cnicos de Chile.<\/p>\n<p>Hemos formulado un proyecto de ley , ya es el tercero, que busca, en s\u00edntesis, una revoluci\u00f3n en el contrato laboral del T\u00e9cnico Jur\u00eddico. Una iniciativa que propone que, por el solo hecho de poseer un t\u00edtulo t\u00e9cnico superior o universitario, el empleador reciba del Estado una asignaci\u00f3n no menor a 10 UF adicionales por cada trabajador. Un incentivo importante que favorezca a este funcionario dedicado de su estamento, aunque realice funciones tan nobles como estafeta, cartero o garz\u00f3n.<br \/>\nEl objetivo es el de equiparar la cancha con el sueldo digno m\u00e1s all\u00e1 de nomenclaturas como un \u201csueldo vital\u201d o \u201cbeneficios por metas\u201d. Una propuesta que busca combatir la discriminaci\u00f3n con que solo favorece a los t\u00edtulos universitarios. Un gesto social, sin duda. Una oportunidad para que el Estado retribuya a funcionarios que realizan un trabajo tan valioso como los trabajadores del sector de la salud, la educaci\u00f3n y otros, que s\u00ed se han visto beneficiados regularmente con acuerdos de este tipo.<\/p>\n<p>La posibilidad de que los t\u00e9cnicos con solo certificar su t\u00edtulo puedan optar a ejercer el \u201cius postulandi\u201d ante los tribunales ser\u00eda oportunidad de festejo y por estos 20 a\u00f1os de ejercicios y nos permitir\u00eda proyectar un futuro m\u00e1s optimista para un sector que consideramos muchas veces postergado, sobre todo para aquellas familias que no les llega justicia y un t\u00e9cnico puede hacerlo en su calidad acreditada, y no posee los dineros que cobra un abogado. No tengo dudas as\u00ed como en los EEUU, el sistema es diferente por cierto pero: \u201d existe los pro bonos\u201d  y eso puede ser una realidad y as\u00ed se corrige esa falta de justicia o al menos un t\u00e9cnico jur\u00eddico acompa\u00f1e a esa persona que desconf\u00eda del sistema o m\u00e1s grave a\u00fan o puede pagar un abogado.. <\/p>\n<p>Este anhelo de crecimiento y de aporte al pa\u00eds y su necesidad de fortalecer nuevos y mejores trabajos de calidad es, por supuesto, loable. La visi\u00f3n de miles de t\u00e9cnicos transform\u00e1ndose en potenciales peque\u00f1os emprendedores; es inspiradora. No obstante, la v\u00eda para lograrlo, a trav\u00e9s de un subsidio estatal por el mero hecho de poseer un t\u00edtulo, plantea una provocadora redefinici\u00f3n del valor del trabajo y la formaci\u00f3n en nuestra sociedad. \u00bfEs el t\u00edtulo t\u00e9cnico un atributo que el Estado debe compensar, o una herramienta que debe abrir puertas por su propio m\u00e9rito en el campo espec\u00edfico?<\/p>\n<p>En este escenario de aspiraciones y novedosas soluciones, el afectuoso saludo de la senadora y candidata presidencial Ximena Rinc\u00f3n resuena con un especial eco si consideramos que su apoyo puede sentar un importante precedente en caso de concretarse una carrera pol\u00edtica. Su consideraci\u00f3n con nuestro gremio es devuelta con gratitud y la esperanza de que otros representantes de los poderes del Estado sigan esta tendencia de validaci\u00f3n. Un recordatorio elocuente de que, en la arena pol\u00edtica, el valor simb\u00f3lico de un saludo puede ser tan tangible como una promesa de ley.<\/p>\n<p>La Asociaci\u00f3n de T\u00e9cnicos Jur\u00eddicos y Afines de Chile invita a todo estamento a realizar una profunda reflexi\u00f3n sobre el futuro profesionalizante de nuestros funcionarios en el pa\u00eds. Por su perseverancia, su admirable deseo de crecimiento y su innegable valor detr\u00e1s de mesones, entre archivos en deuda y en el innegable aporte desde los entresijos de la historia cotidiana. La propuesta de un subsidio estatal vinculado al t\u00edtulo t\u00e9cnico -independientemente de la funci\u00f3n y la ampliaci\u00f3n del; ius postulandi; por el solo diploma- deja abierta la conversaci\u00f3n sobre c\u00f3mo Chile valora y encauza el talento de sus t\u00e9cnicos. Sentencio su presidente Carlos Pontigo presidente nacional de los T\u00e9cnicos. ver saludo ac\u00e1 https:\/\/pbs.twimg.com\/profile_images\/1650870334000603138\/NI40Z1-j_400x400.jpg<br \/>\nFUENTE. LANUEVAOPCION.CL<br \/>\nFOTO . OFICIAL CON DERECHOS RESERVADOS  <\/p>\n","protected":false},"excerpt":{"rendered":"<p>Por Oscar Barrera. Con agrado y orgullo recibimos el saludo de la Senadora Ximena Rinc\u00f3n, en el marco de la renovaci\u00f3n del directorio periodo (2025-2028) potencial candidata a la presidencia de Chile, en este nuevo aniversario de la Asociaci\u00f3n de T\u00e9cnicos Jur\u00eddicos de Chile. Los 20 a\u00f1os de nuestra orden no fue olvidada por los [&hellip;]<\/p>\n","protected":false},"author":51,"featured_media":0,"comment_status":"open","ping_status":"open","sticky":false,"template":"","format":"standard","meta":{"footnotes":""},"categories":[8,4,9,5,16,30,1,31,11],"tags":[1537,1539,1538],"class_list":["post-29409","post","type-post","status-publish","format-standard","hentry","category-cultura","category-economia","category-educacion","category-internacional","category-nacional","category-policial","category-uncategorized","category-salud","category-tendencias","tag-asociacion-tecnicos-juridicos-y-afines-de-chile","tag-candidata-presidencial-de-chile","tag-senadora"],"_links":{"self":[{"href":"http:\/\/www.lanuevaopcion.cl\/index.php?rest_route=\/wp\/v2\/posts\/29409","targetHints":{"allow":["GET"]}}],"collection":[{"href":"http:\/\/www.lanuevaopcion.cl\/index.php?rest_route=\/wp\/v2\/posts"}],"about":[{"href":"http:\/\/www.lanuevaopcion.cl\/index.php?rest_route=\/wp\/v2\/types\/post"}],"author":[{"embeddable":true,"href":"http:\/\/www.lanuevaopcion.cl\/index.php?rest_route=\/wp\/v2\/users\/51"}],"replies":[{"embeddable":true,"href":"http:\/\/www.lanuevaopcion.cl\/index.php?rest_route=%2Fwp%2Fv2%2Fcomments&post=29409"}],"version-history":[{"count":6,"href":"http:\/\/www.lanuevaopcion.cl\/index.php?rest_route=\/wp\/v2\/posts\/29409\/revisions"}],"predecessor-version":[{"id":29439,"href":"http:\/\/www.lanuevaopcion.cl\/index.php?rest_route=\/wp\/v2\/posts\/29409\/revisions\/29439"}],"wp:attachment":[{"href":"http:\/\/www.lanuevaopcion.cl\/index.php?rest_route=%2Fwp%2Fv2%2Fmedia&parent=29409"}],"wp:term":[{"taxonomy":"category","embeddable":true,"href":"http:\/\/www.lanuevaopcion.cl\/index.php?rest_route=%2Fwp%2Fv2%2Fcategories&post=29409"},{"taxonomy":"post_tag","embeddable":true,"href":"http:\/\/www.lanuevaopcion.cl\/index.php?rest_route=%2Fwp%2Fv2%2Ftags&post=29409"}],"curies":[{"name":"wp","href":"https:\/\/api.w.org\/{rel}","templated":true}]}}