{"id":29407,"date":"2025-07-12T18:30:40","date_gmt":"2025-07-12T18:30:40","guid":{"rendered":"http:\/\/www.lanuevaopcion.cl\/?p=29407"},"modified":"2025-07-12T18:30:40","modified_gmt":"2025-07-12T18:30:40","slug":"%e2%80%9cno-calzan-las-fechas%e2%80%9d-ingrid-cruz-respondio-a-dichos-de-pancha-merino-y-reconocio-que-tuvo-romance-con-luciano-cruz-coke","status":"publish","type":"post","link":"http:\/\/www.lanuevaopcion.cl\/?p=29407","title":{"rendered":"\u201cNo calzan las fechas\u201d: Ingrid Cruz respondi\u00f3 a dichos de Pancha Merino y reconoci\u00f3 que tuvo romance con Luciano Cruz-Coke"},"content":{"rendered":"<p><img loading=\"lazy\" decoding=\"async\"  alt=\"\" src=\"https:\/\/www.lacuarta.com\/resizer\/v2\/OXLVVRFQ7VCPTHYZ3R6G7WYLAI.jpg?auth=064d2d7f458bb4556c02303db3a7eed52e5707be923abe83cd9bb2c1fc1e9d98&#038;smart=true&#038;width=420&#038;height=236&#038;quality=70\" class=\"alignleft\" width=\"420\" height=\"236\" \/ class=\"alignleft\" style=\"margin-right:15px;margin-bottom:10px;float:left;\" ><br \/>\nEn el reciente cap\u00edtulo de \u201cOnly Fama\u201d, la actriz Ingrid Cruz respondi\u00f3 a los dichos de Pancha Merino, quien la acus\u00f3 de meterse en su relaci\u00f3n con Luciano Cruz-Coke cuando trabajaban en una teleserie.<\/p>\n<p>Cabe recordar que la pol\u00e9mica comenz\u00f3 cuando Ingrid -en su podcast con Fran Garc\u00eda-Huidobro- habl\u00f3 sobre los malos tratos que recibi\u00f3 de parte de Pancha cuando eran compa\u00f1eras en Canal 13.<br \/>\n<!--more--><br \/>\nLa cosa no qued\u00f3 ah\u00ed ya que en el programa \u201cQue te lo digo\u201d, Pancha respondi\u00f3 y arremeti\u00f3 con todo contra Ingrid.<\/p>\n<p>\u201cElla saca una pelea que tuve hace m\u00e1s de 30 a\u00f1os. Te voy a contar que yo pololeaba con Luciano (Cruz-Coke) y ella se lo tiraba, se lo agarraba y trabajaba conmigo. Se agarraba a mi pololo y era compa\u00f1era m\u00eda de elenco\u201d, dispar\u00f3 la actriz.<\/p>\n<p>\u201cPinch\u00e9 con Luciano, pero no calzan las fechas\u201d<br \/>\nEn una entrevista con Jos\u00e9 Antonio Neme y Fran Garc\u00eda-Huidobro, Ingrid abord\u00f3 la pol\u00e9mica con su colega y reconoci\u00f3 que tuvo un romance con el actual senador, aunque asegur\u00f3 que fue algo breve y neg\u00f3 la versi\u00f3n de Merino.<\/p>\n<p>\u201cYo s\u00ed pinch\u00e9 con Luciano, adem\u00e1s no calzan las fechas\u201d, aclar\u00f3 la actriz.<\/p>\n<p>En esa misma l\u00ednea, agreg\u00f3: \u201cYo lo conoc\u00ed y nos topamos cuando ellos estaban terminando una teleserie, y nosotros est\u00e1bamos empezando (otra), un trabajo de estudio\u201d.<\/p>\n<p>La actriz aclar\u00f3 que todo sucedi\u00f3 en la \u00e9poca de las teleseries \u201cFuera de control\u201d y \u201cCerro Alegre\u201d, mencionando que no coincid\u00edan las fechas que insinuaba Merino. \u201cYo no tuve una relaci\u00f3n, que lata hablar estas cosas (&#8230;) 20 y tantos despu\u00e9s\u201d, expres\u00f3 Ingrid.<\/p>\n<p>Sobre la reacci\u00f3n de Merino, Ingrid asegur\u00f3 que \u201cla Pancha tiene ese \u00edmpetu. Yo creo que para defenderse se tiene que haber sentido atacada y le tiene haber molestado que hayamos sacado en el podcast a colaci\u00f3n algo (que pas\u00f3) hace 26 a\u00f1os\u201d.<\/p>\n<p>Para cerrar, Ingrid Cruz aclar\u00f3 qu\u00e9 pas\u00f3 realmente con Cruz-Coke. \u201cS\u00ed, yo tuve un pincheteo. Nunca a escondidas. No fue nada. No tuvimos una relaci\u00f3n\u201d, sentenci\u00f3.<br \/>\nhttps:\/\/www.lacuarta.com\/espectaculos\/noticia\/no-calzan-las-fechas-ingrid-cruz-respondio-a-dichos-de-pancha-merino-y-reconocio-que-tuvo-romance-con-luciano-cruz-coke\/<br \/>\nFUENTE. LA CUARTA.COM<br \/>\nMEDIO DE DIFUSION, SIN FIN DE LUCRO ALGUNO <\/p>\n","protected":false},"excerpt":{"rendered":"<p>En el reciente cap\u00edtulo de \u201cOnly Fama\u201d, la actriz Ingrid Cruz respondi\u00f3 a los dichos de Pancha Merino, quien la acus\u00f3 de meterse en su relaci\u00f3n con Luciano Cruz-Coke cuando trabajaban en una teleserie. Cabe recordar que la pol\u00e9mica comenz\u00f3 cuando Ingrid -en su podcast con Fran Garc\u00eda-Huidobro- habl\u00f3 sobre los malos tratos que recibi\u00f3 [&hellip;]<\/p>\n","protected":false},"author":51,"featured_media":0,"comment_status":"open","ping_status":"open","sticky":false,"template":"","format":"standard","meta":{"footnotes":""},"categories":[9,5,16,1,31,11],"tags":[376,138,116],"class_list":["post-29407","post","type-post","status-publish","format-standard","hentry","category-educacion","category-internacional","category-nacional","category-uncategorized","category-salud","category-tendencias","tag-diputado","tag-espectaculo","tag-tv"],"_links":{"self":[{"href":"http:\/\/www.lanuevaopcion.cl\/index.php?rest_route=\/wp\/v2\/posts\/29407","targetHints":{"allow":["GET"]}}],"collection":[{"href":"http:\/\/www.lanuevaopcion.cl\/index.php?rest_route=\/wp\/v2\/posts"}],"about":[{"href":"http:\/\/www.lanuevaopcion.cl\/index.php?rest_route=\/wp\/v2\/types\/post"}],"author":[{"embeddable":true,"href":"http:\/\/www.lanuevaopcion.cl\/index.php?rest_route=\/wp\/v2\/users\/51"}],"replies":[{"embeddable":true,"href":"http:\/\/www.lanuevaopcion.cl\/index.php?rest_route=%2Fwp%2Fv2%2Fcomments&post=29407"}],"version-history":[{"count":1,"href":"http:\/\/www.lanuevaopcion.cl\/index.php?rest_route=\/wp\/v2\/posts\/29407\/revisions"}],"predecessor-version":[{"id":29408,"href":"http:\/\/www.lanuevaopcion.cl\/index.php?rest_route=\/wp\/v2\/posts\/29407\/revisions\/29408"}],"wp:attachment":[{"href":"http:\/\/www.lanuevaopcion.cl\/index.php?rest_route=%2Fwp%2Fv2%2Fmedia&parent=29407"}],"wp:term":[{"taxonomy":"category","embeddable":true,"href":"http:\/\/www.lanuevaopcion.cl\/index.php?rest_route=%2Fwp%2Fv2%2Fcategories&post=29407"},{"taxonomy":"post_tag","embeddable":true,"href":"http:\/\/www.lanuevaopcion.cl\/index.php?rest_route=%2Fwp%2Fv2%2Ftags&post=29407"}],"curies":[{"name":"wp","href":"https:\/\/api.w.org\/{rel}","templated":true}]}}