{"id":29405,"date":"2025-07-11T18:23:55","date_gmt":"2025-07-11T18:23:55","guid":{"rendered":"http:\/\/www.lanuevaopcion.cl\/?p=29405"},"modified":"2025-07-11T18:23:55","modified_gmt":"2025-07-11T18:23:55","slug":"%e2%80%9c%c2%bfquien-lo-mando%e2%80%9c-evelyn-matthei-perdio-la-paciencia-con-periodista-local-tras-dos-preguntas-al-hueso","status":"publish","type":"post","link":"http:\/\/www.lanuevaopcion.cl\/?p=29405","title":{"rendered":"\u201c\u00bfQui\u00e9n lo mand\u00f3?\u201c: Evelyn Matthei perdi\u00f3 la paciencia con periodista local tras dos preguntas al hueso"},"content":{"rendered":"<p><img loading=\"lazy\" decoding=\"async\"  alt=\"\" src=\"https:\/\/www.lacuarta.com\/resizer\/v2\/7KKCBJQPYNANNEMCMJMDTYDFVY.jpg?auth=a848dc7275c678cb1a3fd478213924463f1bebd7142c4aee21d1e57e043f360e&#038;smart=true&#038;width=420&#038;height=236&#038;quality=70\" class=\"alignleft\" width=\"420\" height=\"236\" \/ class=\"alignleft\" style=\"margin-right:15px;margin-bottom:10px;float:left;\" ><br \/>\nUna particular reacci\u00f3n tuvo la candidata presidencial de Chile Vamos, Evelyn Matthei, con un periodista que le hizo \u201cinc\u00f3modas\u201d preguntas.<\/p>\n<p>La exalcaldesa visit\u00f3 este jueves la comuna de Curic\u00f3 en la Regi\u00f3n del Maule y convers\u00f3 con la prensa en la plaza de la ciudad.<\/p>\n<p>All\u00ed, un reportero del medio local Vivimos la Noticia se atrevi\u00f3 con una incisiva pregunta.<br \/>\n<!--more--><\/p>\n<p>\u201cEn la \u00faltima encuesta no ha marcado tanto&#8230; \u00bfUsted va a seguir hasta el final con esta campa\u00f1a? \u00bfPosibilidades de bajarse? Incluso han habido llamados del sector&#8230;\u201c, lanz\u00f3 el comunicador.<\/p>\n<p>\u201cJajaj\u00e1. Perd\u00f3n, pero yo estoy empatada en el segundo lugar y voy a pasar a segunda vuelta y no tengo ning\u00fan problema\u201d, respondi\u00f3 Matthei.<\/p>\n<p>El periodista no qued\u00f3 conforme: \u201cEntonces descarta bajarse\u201d.<\/p>\n<p>La candidata se lo neg\u00f3: \u201cMire, han inventado tanta tontera, que no me voy a referir a ello. Pero yo voy a pasar a segunda vuelta y voy a ganar\u201d.<\/p>\n<p>Evelyn Matthei visit\u00f3 Curic\u00f3.<br \/>\nMatthei se habr\u00eda molestado con periodista<br \/>\nLuego de otras preguntas, el mismo periodista tom\u00f3 nuevamente la palabra y remat\u00f3: \u201c\u00bfEsperaba m\u00e1s gente ac\u00e1 en la plaza? \u00bfM\u00e1s candidatos y autoridades?\u201c.<\/p>\n<p>Entonces, Matthei no respondi\u00f3 y solo quiso saber: \u201c\u00bfQui\u00e9n lo mand\u00f3? \u00bfQui\u00e9n lo mand\u00f3 a este se\u00f1or?\u201c.<\/p>\n<p>Antes que continuara con el di\u00e1logo, el senador Rodrigo Galilea (RN) se interpuso entre la candidata y el reportero para dar por terminado el punto de prensa.<br \/>\nhttps:\/\/www.lacuarta.com\/chile\/noticia\/quien-lo-mando-evelyn-matthei-perdio-la-paciencia-con-periodista-local-tras-dos-preguntas-al-hueso\/<br \/>\nCUENTE. LA CUARTA.COM<br \/>\nMEDIO DE DIFUSION , SIN FIN DE LUCRO ALGUNO <\/p>\n","protected":false},"excerpt":{"rendered":"<p>Una particular reacci\u00f3n tuvo la candidata presidencial de Chile Vamos, Evelyn Matthei, con un periodista que le hizo \u201cinc\u00f3modas\u201d preguntas. La exalcaldesa visit\u00f3 este jueves la comuna de Curic\u00f3 en la Regi\u00f3n del Maule y convers\u00f3 con la prensa en la plaza de la ciudad. All\u00ed, un reportero del medio local Vivimos la Noticia se [&hellip;]<\/p>\n","protected":false},"author":51,"featured_media":0,"comment_status":"open","ping_status":"open","sticky":false,"template":"","format":"standard","meta":{"footnotes":""},"categories":[8,4,9,5,16,30,1,31,11],"tags":[994],"class_list":["post-29405","post","type-post","status-publish","format-standard","hentry","category-cultura","category-economia","category-educacion","category-internacional","category-nacional","category-policial","category-uncategorized","category-salud","category-tendencias","tag-evelyn-matthei"],"_links":{"self":[{"href":"http:\/\/www.lanuevaopcion.cl\/index.php?rest_route=\/wp\/v2\/posts\/29405","targetHints":{"allow":["GET"]}}],"collection":[{"href":"http:\/\/www.lanuevaopcion.cl\/index.php?rest_route=\/wp\/v2\/posts"}],"about":[{"href":"http:\/\/www.lanuevaopcion.cl\/index.php?rest_route=\/wp\/v2\/types\/post"}],"author":[{"embeddable":true,"href":"http:\/\/www.lanuevaopcion.cl\/index.php?rest_route=\/wp\/v2\/users\/51"}],"replies":[{"embeddable":true,"href":"http:\/\/www.lanuevaopcion.cl\/index.php?rest_route=%2Fwp%2Fv2%2Fcomments&post=29405"}],"version-history":[{"count":1,"href":"http:\/\/www.lanuevaopcion.cl\/index.php?rest_route=\/wp\/v2\/posts\/29405\/revisions"}],"predecessor-version":[{"id":29406,"href":"http:\/\/www.lanuevaopcion.cl\/index.php?rest_route=\/wp\/v2\/posts\/29405\/revisions\/29406"}],"wp:attachment":[{"href":"http:\/\/www.lanuevaopcion.cl\/index.php?rest_route=%2Fwp%2Fv2%2Fmedia&parent=29405"}],"wp:term":[{"taxonomy":"category","embeddable":true,"href":"http:\/\/www.lanuevaopcion.cl\/index.php?rest_route=%2Fwp%2Fv2%2Fcategories&post=29405"},{"taxonomy":"post_tag","embeddable":true,"href":"http:\/\/www.lanuevaopcion.cl\/index.php?rest_route=%2Fwp%2Fv2%2Ftags&post=29405"}],"curies":[{"name":"wp","href":"https:\/\/api.w.org\/{rel}","templated":true}]}}