{"id":29401,"date":"2025-07-11T11:54:58","date_gmt":"2025-07-11T11:54:58","guid":{"rendered":"http:\/\/www.lanuevaopcion.cl\/?p=29401"},"modified":"2025-07-11T11:54:58","modified_gmt":"2025-07-11T11:54:58","slug":"%e2%80%9c%c2%a1%c2%bfde-donde-sacas-eso%e2%80%9c-comentario-de-tomas-mosciatti-sobre-corea-del-norte-desata-tenso-momento-con-eduardo-artes","status":"publish","type":"post","link":"http:\/\/www.lanuevaopcion.cl\/?p=29401","title":{"rendered":"\u201c\u00a1\u00bfDe d\u00f3nde sacas eso?!\u201c: comentario de Tom\u00e1s Mosciatti sobre Corea del Norte desata tenso momento con Eduardo Art\u00e9s"},"content":{"rendered":"<p><img loading=\"lazy\" decoding=\"async\"  alt=\"\" src=\"https:\/\/www.lacuarta.com\/resizer\/v2\/PBAS7CJB5RCXLAFQ254GLLJAEA.jpg?auth=56c4a16091e070fd90032d2e0bc3ccbd17b87e02d78759c80b811313540a790b&#038;focal=977%2C597&#038;width=420&#038;height=236&#038;quality=70\" class=\"alignleft\" width=\"420\" height=\"236\" \/ class=\"alignleft\" style=\"margin-right:15px;margin-bottom:10px;float:left;\" ><br \/>\nEl candidato presidencial del Partido Comunista Acci\u00f3n Proletaria, Eduardo Art\u00e9s, protagoniz\u00f3 un tenso momento en medio de la entrevista que le realiz\u00f3 Tom\u00e1s Mosciatti en el programa De Frente (Mega).<\/p>\n<p>En el espacio pol\u00edtico, el profe abord\u00f3 sus cr\u00edticas al Partido Comunista de Chile y reiter\u00f3 que ya nada le queda de lo que era.<\/p>\n<p>\u201cEl Partido Comunista tom\u00f3 el relevo de lo que era la socialdemocracia en Chile&#8230; El Partido Comunista hoy d\u00eda es lo que era el Partido Socialista hace unos a\u00f1os atr\u00e1s\u201d, asegur\u00f3 el docente.<br \/>\n<!--more--><\/p>\n<p>\u201cNo les molesta hacer negocios con los Yankees y con la derecha. Eso no es ninguna duda. Prueba evidente es, por ejemplo, que el gobierno en el cual ellos participan tiene las mejores relaciones con Zelenski\u201d, agreg\u00f3.<\/p>\n<p>Sobre Jeannette Jara, fue claro: no la conoce. \u201cOrg\u00e1nica, ni ideol\u00f3gica ni pol\u00edticamente, no tenemos ninguna relaci\u00f3n. Ahora, nos podemos encontrar en algunos actos, en algunas cosas\u201d.<\/p>\n<p>Consultado sobre qu\u00e9 rescata del Presidente Gabriel Boric (a quien suele criticar), Art\u00e9s opt\u00f3 por responder con otra pregunta: \u201c\u00bfQu\u00e9 ha hecho de acuerdo al programa que \u00e9l mismo sostuvo, que ya era un programa aguachento?\u201d.<\/p>\n<p>Tensi\u00f3n en vivo<br \/>\nAl llegar al tema de Corea del Norte, el aspirante a La Moneda no dud\u00f3 en elogiar al pa\u00eds liderado por Kim Jong-un.<\/p>\n<p>\u201cA m\u00ed lo que me gusta de Corea del Norte es que han tenido la valent\u00eda para pararse frente a los gringos y tienen un pueblo que desarrolla la ciencia, la t\u00e9cnica&#8230;\u201d, alcanz\u00f3 a decir, cuando fue interrumpido por el entrevistador.<\/p>\n<p>\u201cPero se mueren de hambre\u201d, apunt\u00f3 Mosciatti, dando paso a la tensi\u00f3n.<\/p>\n<p>Eduardo Art\u00e9s: \u00bfPero de ad\u00f3nde sacas t\u00fa eso? \u00bfC\u00f3mo puedes decirlo? \u00bfT\u00fa crees que si se murieran de hambre, con Corea del Sur al ladito, no estar\u00edan todos pas\u00e1ndose para el otro lado?<\/p>\n<p>Tom\u00e1s Mosciatti: Pero si tratan de escapar y les disparan.<\/p>\n<p>Eduardo Art\u00e9s: Est\u00e1s diciendo barbaridades, Tom\u00e1s. Te cuento que cuando muri\u00f3 Kim Jong-il abrieron las fronteras&#8230; \u00bfQui\u00e9nes colocaron soldados para que desde Corea del Sur no vinieran a hacerle homenaje? Las tropas norteamericanas.<\/p>\n<p>Tom\u00e1s Mosciatti: \u00bfHay democracia en Corea del Norte?<\/p>\n<p>Eduardo Art\u00e9s: En la forma de ellos y en el estado de guerra en la que est\u00e1n, desde mi punto de vista, tienen democracia.<br \/>\nhttps:\/\/www.lacuarta.com\/chile\/noticia\/de-adonde-sacas-eso-comentario-de-tomas-mosciatti-sobre-corea-del-norte-desata-tenso-momento-con-eduardo-artes\/<br \/>\nFUENTE. LA CUARTA.COM<br \/>\nMEDIO DE DIFUSION, SIN FIN DE LUCRO ALGUNO <\/p>\n","protected":false},"excerpt":{"rendered":"<p>El candidato presidencial del Partido Comunista Acci\u00f3n Proletaria, Eduardo Art\u00e9s, protagoniz\u00f3 un tenso momento en medio de la entrevista que le realiz\u00f3 Tom\u00e1s Mosciatti en el programa De Frente (Mega). En el espacio pol\u00edtico, el profe abord\u00f3 sus cr\u00edticas al Partido Comunista de Chile y reiter\u00f3 que ya nada le queda de lo que era. [&hellip;]<\/p>\n","protected":false},"author":51,"featured_media":0,"comment_status":"open","ping_status":"open","sticky":false,"template":"","format":"standard","meta":{"footnotes":""},"categories":[8,4,9,5,16,30,1,31,11],"tags":[1031,1536],"class_list":["post-29401","post","type-post","status-publish","format-standard","hentry","category-cultura","category-economia","category-educacion","category-internacional","category-nacional","category-policial","category-uncategorized","category-salud","category-tendencias","tag-candidatos-presidenciales","tag-tomas-mosciatti"],"_links":{"self":[{"href":"http:\/\/www.lanuevaopcion.cl\/index.php?rest_route=\/wp\/v2\/posts\/29401","targetHints":{"allow":["GET"]}}],"collection":[{"href":"http:\/\/www.lanuevaopcion.cl\/index.php?rest_route=\/wp\/v2\/posts"}],"about":[{"href":"http:\/\/www.lanuevaopcion.cl\/index.php?rest_route=\/wp\/v2\/types\/post"}],"author":[{"embeddable":true,"href":"http:\/\/www.lanuevaopcion.cl\/index.php?rest_route=\/wp\/v2\/users\/51"}],"replies":[{"embeddable":true,"href":"http:\/\/www.lanuevaopcion.cl\/index.php?rest_route=%2Fwp%2Fv2%2Fcomments&post=29401"}],"version-history":[{"count":1,"href":"http:\/\/www.lanuevaopcion.cl\/index.php?rest_route=\/wp\/v2\/posts\/29401\/revisions"}],"predecessor-version":[{"id":29402,"href":"http:\/\/www.lanuevaopcion.cl\/index.php?rest_route=\/wp\/v2\/posts\/29401\/revisions\/29402"}],"wp:attachment":[{"href":"http:\/\/www.lanuevaopcion.cl\/index.php?rest_route=%2Fwp%2Fv2%2Fmedia&parent=29401"}],"wp:term":[{"taxonomy":"category","embeddable":true,"href":"http:\/\/www.lanuevaopcion.cl\/index.php?rest_route=%2Fwp%2Fv2%2Fcategories&post=29401"},{"taxonomy":"post_tag","embeddable":true,"href":"http:\/\/www.lanuevaopcion.cl\/index.php?rest_route=%2Fwp%2Fv2%2Ftags&post=29401"}],"curies":[{"name":"wp","href":"https:\/\/api.w.org\/{rel}","templated":true}]}}