{"id":29399,"date":"2025-07-10T17:18:39","date_gmt":"2025-07-10T17:18:39","guid":{"rendered":"http:\/\/www.lanuevaopcion.cl\/?p=29399"},"modified":"2025-07-10T17:18:39","modified_gmt":"2025-07-10T17:18:39","slug":"%e2%80%9cno-es-porque-le-tenga-miedo%e2%80%9d-tras-furia-de-neme-en-vivo-desbordes-le-aclara-el-verdadero-motivo-de-entrevista-fallida","status":"publish","type":"post","link":"http:\/\/www.lanuevaopcion.cl\/?p=29399","title":{"rendered":"\u201cNo es porque le tenga miedo\u201d: tras furia de Neme en vivo, Desbordes le aclara el verdadero motivo de entrevista fallida"},"content":{"rendered":"<p><img loading=\"lazy\" decoding=\"async\"  alt=\"\" src=\"https:\/\/www.lacuarta.com\/resizer\/v2\/2WKA6OIVT5DZVFZY4DLKUIJRPQ.jpg?auth=21410fcbcebb722358ec8baf5d665479b51ae0c6af604da2c039acb9764af63f&#038;focal=950%2C567&#038;width=420&#038;height=236&#038;quality=70\" class=\"alignleft\" width=\"420\" height=\"236\" \/ class=\"alignleft\" style=\"margin-right:15px;margin-bottom:10px;float:left;\" ><br \/>\nLuego de su comentado descargo en Mucho Gusto, donde arremeti\u00f3 contra toda la clase pol\u00edtica (mencion\u00f3 desde Irac\u00ed Hassler a Mario Desbordes) por el caos sin soluci\u00f3n en Barrio Meiggs, Jos\u00e9 Antonio Neme asegur\u00f3 en pantalla que uno de sus entrevistados declin\u00f3 hablar en vivo.<\/p>\n<p>\u201cEntiendo que estaba conectado el encargado de seguridad del municipio de Santiago, quien decidi\u00f3 desistir de la entrevista porque probablemente le molest\u00f3 mi intervenci\u00f3n bastante vehemente de hace un momentito atr\u00e1s\u201d, explic\u00f3 el conductor, aludiendo a Arturo Urrutia.<br \/>\n<!--more--><br \/>\n\u201cYo no insult\u00e9 a nadie ni habl\u00e9 de manera sesgada sobre un alcalde u otro, entonces si ustedes pol\u00edticos o funcionarios p\u00fablicos no quieren venir a este programa, yo me puedo marginar de la entrevista, pero a m\u00ed no me van a pedir maquillar nada o hacer preguntas pelotudas del tipo \u2018qu\u00e9 se est\u00e1 haciendo alcalde\u2019 o \u2018qu\u00e9 viene ahora alcalde\u2019\u201d, precis\u00f3 Neme.<\/p>\n<p>Mario Desbordes en Mucho Gusto.<br \/>\nHoy habl\u00f3 con Desbordes<br \/>\nEste jueves, en di\u00e1logo con el alcalde de Santiago, Mario Derbordes, el rostro de Mega no evadi\u00f3 la controversia y record\u00f3 lo sucedido ayer.<\/p>\n<p>\u201cHice un descargo ciudadano que fue muy viralizado y muy manipulado tambi\u00e9n, porque ser\u00eda muy simple empezar a descargar artiller\u00eda contra el alcalde de ahora, y no lo voy hacer, no porque le tenga miedo a usted, sino porque no es sensato\u201d, aclar\u00f3, de entradita, el comunicador.<\/p>\n<p>Luego, expuso que \u201cMeiggs no es la Plaza de San Marcos desde hace mucho tiempo, donde todo ha sido absolutamente marginal, tanto as\u00ed que hace dos a\u00f1os mataron a una periodista\u201d.<\/p>\n<p>\u201cDecirle a usted que \u2018prometi\u00f3 algo\u2019 es una mirada muy simplona. Insisto, no es temor a la autoridad, sino que es un poquito de sensatez, nada m\u00e1s\u201d, recalc\u00f3 Neme.<\/p>\n<p>Luego del pre\u00e1mbulo, hizo la consulta del mill\u00f3n: \u201cLe hago esta pregunta porque es el alcalde de turno: \u00bfPor qu\u00e9 no se ha logrado convertir a Meiggs en un mercado m\u00e1s o menos amable?\u201d.<\/p>\n<p>Antes de responder e insistir en sus argumentos ya conocidos (y que en gran parte responsabilizan a la administraci\u00f3n anterior), Desbordes respald\u00f3 a Neme por el contenido de su desahogo viral: \u201cYo escuch\u00e9 su intervenci\u00f3n y la comparto; las autoridades hemos estado al debe. Yo llevo siete meses, pero tengo que hacerme cargo tambi\u00e9n\u201d.<\/p>\n<p>Finalmente, el edil hizo una aclaraci\u00f3n sobre la entrevista fallida a su funcionario: \u201cPerm\u00edtame un peque\u00f1o detallito. Urrutia no alcanz\u00f3 a esperar porque se comenz\u00f3 a alargar su ingreso (a pantalla) y ten\u00eda reuni\u00f3n a esa misma hora\u201d. En conclusi\u00f3n, no fue Neme (ni su momento de furia) el que lo espant\u00f3.<br \/>\nhttps:\/\/www.lacuarta.com\/chile\/noticia\/no-es-porque-le-tenga-miedo-tras-furia-de-neme-en-vivo-desbordes-le-aclara-el-verdadero-motivo-tras-fallida-entrevista\/<br \/>\nFUENTE. LA CUARTA.COM<br \/>\nMEDIO DE DIFUSION, SIN FIN DE LUCRO ALGUNO <\/p>\n","protected":false},"excerpt":{"rendered":"<p>Luego de su comentado descargo en Mucho Gusto, donde arremeti\u00f3 contra toda la clase pol\u00edtica (mencion\u00f3 desde Irac\u00ed Hassler a Mario Desbordes) por el caos sin soluci\u00f3n en Barrio Meiggs, Jos\u00e9 Antonio Neme asegur\u00f3 en pantalla que uno de sus entrevistados declin\u00f3 hablar en vivo. \u201cEntiendo que estaba conectado el encargado de seguridad del municipio [&hellip;]<\/p>\n","protected":false},"author":51,"featured_media":0,"comment_status":"open","ping_status":"open","sticky":false,"template":"","format":"standard","meta":{"footnotes":""},"categories":[8,9,5,16,1,11],"tags":[1453,1417,731,45,116],"class_list":["post-29399","post","type-post","status-publish","format-standard","hentry","category-cultura","category-educacion","category-internacional","category-nacional","category-uncategorized","category-tendencias","tag-alcalde","tag-mario-desbordes","tag-mega","tag-television","tag-tv"],"_links":{"self":[{"href":"http:\/\/www.lanuevaopcion.cl\/index.php?rest_route=\/wp\/v2\/posts\/29399","targetHints":{"allow":["GET"]}}],"collection":[{"href":"http:\/\/www.lanuevaopcion.cl\/index.php?rest_route=\/wp\/v2\/posts"}],"about":[{"href":"http:\/\/www.lanuevaopcion.cl\/index.php?rest_route=\/wp\/v2\/types\/post"}],"author":[{"embeddable":true,"href":"http:\/\/www.lanuevaopcion.cl\/index.php?rest_route=\/wp\/v2\/users\/51"}],"replies":[{"embeddable":true,"href":"http:\/\/www.lanuevaopcion.cl\/index.php?rest_route=%2Fwp%2Fv2%2Fcomments&post=29399"}],"version-history":[{"count":1,"href":"http:\/\/www.lanuevaopcion.cl\/index.php?rest_route=\/wp\/v2\/posts\/29399\/revisions"}],"predecessor-version":[{"id":29400,"href":"http:\/\/www.lanuevaopcion.cl\/index.php?rest_route=\/wp\/v2\/posts\/29399\/revisions\/29400"}],"wp:attachment":[{"href":"http:\/\/www.lanuevaopcion.cl\/index.php?rest_route=%2Fwp%2Fv2%2Fmedia&parent=29399"}],"wp:term":[{"taxonomy":"category","embeddable":true,"href":"http:\/\/www.lanuevaopcion.cl\/index.php?rest_route=%2Fwp%2Fv2%2Fcategories&post=29399"},{"taxonomy":"post_tag","embeddable":true,"href":"http:\/\/www.lanuevaopcion.cl\/index.php?rest_route=%2Fwp%2Fv2%2Ftags&post=29399"}],"curies":[{"name":"wp","href":"https:\/\/api.w.org\/{rel}","templated":true}]}}