{"id":29393,"date":"2025-07-07T14:29:06","date_gmt":"2025-07-07T14:29:06","guid":{"rendered":"http:\/\/www.lanuevaopcion.cl\/?p=29393"},"modified":"2025-07-07T14:29:06","modified_gmt":"2025-07-07T14:29:06","slug":"se-empieza-a-aclarar-el-crimen-de-mujer-enterrada-en-su-patio-al-interior-de-maleta-confirman-detencion-por-parricidio","status":"publish","type":"post","link":"http:\/\/www.lanuevaopcion.cl\/?p=29393","title":{"rendered":"Se empieza a aclarar el crimen de mujer enterrada en su patio al interior de maleta: confirman detenci\u00f3n por parricidio"},"content":{"rendered":"<p><img loading=\"lazy\" decoding=\"async\"  alt=\"\" src=\"https:\/\/www.lacuarta.com\/resizer\/v2\/6Q27L5SNARHR3EN4R3ZLEXMLPI.jpg?auth=e575502f225bca7f51e811d80beda1029b3f6fbce762b74e2349f6993afc9201&#038;focal=920%2C565&#038;width=420&#038;height=236&#038;quality=70\" class=\"alignleft\" width=\"420\" height=\"236\" \/ class=\"alignleft\" style=\"margin-right:15px;margin-bottom:10px;float:left;\" ><br \/>\nDurante la ma\u00f1ana de este lunes se confirm\u00f3 que una persona cercana a la se\u00f1ora Rosa, adulta mayor que fue enterrada en su patio al interior de una maleta, est\u00e1 en calidad de detenida. Ser\u00eda la hija mayor.<\/p>\n<p>De acuerdo a los antecedentes, la v\u00edctima tendr\u00eda 70 a\u00f1os y fue vista por \u00faltima vez el viernes pasado. Desde entonces, su paradero era desconocido.<br \/>\n<!--more--><br \/>\nPlay Video<br \/>\nFue a ra\u00edz de esta situaci\u00f3n que una de sus hijas \u2014quien no resid\u00eda en la vivienda, pero advirti\u00f3 la extra\u00f1a ausencia tras intentar comunicarse con ella\u2014 present\u00f3 una denuncia por presunta desgracia ese mismo d\u00eda.<\/p>\n<p>Tras las respectivas diligencias de rigor por parte de Carabineros, ayer domingo se concret\u00f3 el hallazgo y se confirm\u00f3 un macabro crimen.<\/p>\n<p>Detalles del caso<br \/>\nTras ingresar a la casa de la adulta mayor, con autorizaci\u00f3n de una residente del inmueble (otra hija de la v\u00edctima), los efectivos inspeccionaron el lugar y dieron con una maleta enterrada en el patio. En su interior, hallaron el cad\u00e1ver.<\/p>\n<p>\u201cEl cuerpo se encontraba enterrado dentro de una maleta en el patio del domicilio. El ingreso fue autorizado por la persona que reside en el lugar\u201d, detall\u00f3 el fiscal Manuel Z\u00fa\u00f1iga, de la Fiscal\u00eda Centro Norte, quien lidera la investigaci\u00f3n.<\/p>\n<p>Si bien la investigaci\u00f3n se encuentra en pleno desarrollo, una de las l\u00edneas investigativas apuntar\u00eda a la posible participaci\u00f3n de personas cercanas a la v\u00edctima.<\/p>\n<p>De hecho, seg\u00fan detall\u00f3 24 Horas, fue la hija que viv\u00eda con ella quien advirti\u00f3 que el cad\u00e1ver pod\u00eda hallarse bajo tierra.<\/p>\n<p>\u201cSe acerc\u00f3 hasta la guardia de la 6ta Comisar\u00eda Recoleta una mujer, quien se\u00f1al\u00f3 que ten\u00eda informaci\u00f3n que posiblemente su madre, quien manten\u00eda un encargo vigente por presunta desgracia, se encontraba enterrada al exterior de su domicilio, en la parte del patio posterior\u201d, explic\u00f3 el capit\u00e1n Sebasti\u00e1n Ibaceta, oficial de ronda de la Prefectura Santiago Norte.<br \/>\nhttps:\/\/www.lacuarta.com\/chile\/noticia\/se-empieza-a-aclarar-el-crimen-de-mujer-enterrada-en-su-patio-al-interior-de-maleta-confirma-detencion-por-parricidio\/<br \/>\nFUENTE. LA CUARTA.COM<br \/>\nMEDIO DE DIFUSION, SIN FIN DE LUCRO ALGUNO <\/p>\n","protected":false},"excerpt":{"rendered":"<p>Durante la ma\u00f1ana de este lunes se confirm\u00f3 que una persona cercana a la se\u00f1ora Rosa, adulta mayor que fue enterrada en su patio al interior de una maleta, est\u00e1 en calidad de detenida. Ser\u00eda la hija mayor. De acuerdo a los antecedentes, la v\u00edctima tendr\u00eda 70 a\u00f1os y fue vista por \u00faltima vez el [&hellip;]<\/p>\n","protected":false},"author":51,"featured_media":0,"comment_status":"open","ping_status":"open","sticky":false,"template":"","format":"standard","meta":{"footnotes":""},"categories":[8,9,5,16,30,31,11],"tags":[205,1534,93],"class_list":["post-29393","post","type-post","status-publish","format-standard","hentry","category-cultura","category-educacion","category-internacional","category-nacional","category-policial","category-salud","category-tendencias","tag-chile","tag-crimen","tag-pais"],"_links":{"self":[{"href":"http:\/\/www.lanuevaopcion.cl\/index.php?rest_route=\/wp\/v2\/posts\/29393","targetHints":{"allow":["GET"]}}],"collection":[{"href":"http:\/\/www.lanuevaopcion.cl\/index.php?rest_route=\/wp\/v2\/posts"}],"about":[{"href":"http:\/\/www.lanuevaopcion.cl\/index.php?rest_route=\/wp\/v2\/types\/post"}],"author":[{"embeddable":true,"href":"http:\/\/www.lanuevaopcion.cl\/index.php?rest_route=\/wp\/v2\/users\/51"}],"replies":[{"embeddable":true,"href":"http:\/\/www.lanuevaopcion.cl\/index.php?rest_route=%2Fwp%2Fv2%2Fcomments&post=29393"}],"version-history":[{"count":1,"href":"http:\/\/www.lanuevaopcion.cl\/index.php?rest_route=\/wp\/v2\/posts\/29393\/revisions"}],"predecessor-version":[{"id":29394,"href":"http:\/\/www.lanuevaopcion.cl\/index.php?rest_route=\/wp\/v2\/posts\/29393\/revisions\/29394"}],"wp:attachment":[{"href":"http:\/\/www.lanuevaopcion.cl\/index.php?rest_route=%2Fwp%2Fv2%2Fmedia&parent=29393"}],"wp:term":[{"taxonomy":"category","embeddable":true,"href":"http:\/\/www.lanuevaopcion.cl\/index.php?rest_route=%2Fwp%2Fv2%2Fcategories&post=29393"},{"taxonomy":"post_tag","embeddable":true,"href":"http:\/\/www.lanuevaopcion.cl\/index.php?rest_route=%2Fwp%2Fv2%2Ftags&post=29393"}],"curies":[{"name":"wp","href":"https:\/\/api.w.org\/{rel}","templated":true}]}}