{"id":29379,"date":"2025-06-25T12:38:02","date_gmt":"2025-06-25T12:38:02","guid":{"rendered":"http:\/\/www.lanuevaopcion.cl\/?p=29379"},"modified":"2025-06-25T12:38:02","modified_gmt":"2025-06-25T12:38:02","slug":"imagenes-sensibles-de-la-tragedia-de-valparaiso-los-videos-tras-choque-de-micros-que-costo-la-vida-de-ambos-choferes","status":"publish","type":"post","link":"http:\/\/www.lanuevaopcion.cl\/?p=29379","title":{"rendered":"Im\u00e1genes sensibles de la tragedia de Valpara\u00edso: los videos tras choque de micros que cost\u00f3 la vida de ambos choferes"},"content":{"rendered":"<p><img loading=\"lazy\" decoding=\"async\"  alt=\"\" src=\"https:\/\/www.lacuarta.com\/resizer\/v2\/SJ4SWSK74ZFKNJMM5ZJOUIOQXY.jpg?auth=7b18d69593e5d03ea54b235e2a0813101a2d8473df9ff2cfb6a046f8accfd1b2&#038;focal=957%2C574&#038;width=375&#038;height=211&#038;quality=70\" class=\"alignleft\" width=\"375\" height=\"211\" \/ class=\"alignleft\" style=\"margin-right:15px;margin-bottom:10px;float:left;\" ><br \/>\nFuertes im\u00e1genes se viralizaron en redes sociales tras el fatal accidente que protagonizaron dos micros del transporte p\u00fablico de Valpara\u00edso y que le cost\u00f3 la vida a ambos choferes.<\/p>\n<p>Junto los decesos, las autoridades confirmaron que 21 personas, principalmente pasajeros, resultaron con lesiones de diversa consideraci\u00f3n.<br \/>\n<!--more--><br \/>\nMicros protagonizaron impactante siniestro en Valpara\u00edso. \/Foto: @NoticiasValpoEx<br \/>\nDetalles del siniestro<br \/>\nLa tragedia se registr\u00f3 a las 19.10 horas de este martes, en la intersecci\u00f3n de Avenida Altamirano con calle Antonio Varas, frente a la empresa Astilleros y Maestranzas de la Armada (Asmar).<\/p>\n<p>En dicho lugar, y por motivos que est\u00e1n siendo investigados, uno de los choferes habr\u00eda sobrepasado el eje central de la calzada, impactando de manera frontal con el otro bus, que ven\u00eda en direcci\u00f3n contraria. Las dos m\u00e1quinas pertenecer\u00edan al recorrido 505.<\/p>\n<p>Al lugar concurrieron ambulancias y personal param\u00e9dico del SAMU, as\u00ed como tambi\u00e9n voluntarios de la unidad de rescate vehicular de cinco unidades del Cuerpo de Bomberos de la ciudad puerto.<\/p>\n<p>De igual modo, efectivos de la Secci\u00f3n de Investigaci\u00f3n de Accidentes de Tr\u00e1nsito (SIAT) de Carabineros llegaron al sitio del suceso para efectuar los peritajes de rigor y establecer la din\u00e1mica del siniestro que remece a toda una ciudad.<\/p>\n<p>A trav\u00e9s de X, distintos usuarios compartieron registros de los segundos posteriores al impacto y que dan cuenta de la gravedad del choque. La tragedia pudo haber sido mucho mayor.<br \/>\nhttps:\/\/www.lacuarta.com\/chile\/noticia\/imagenes-sensibles-de-la-tragedia-de-valparaiso-los-videos-tras-choque-de-micros-que-costo-la-vida-de-ambos-choferes\/<br \/>\nFUENTE. LA CUARTA.COM<br \/>\nMEDIO DE DIFUSION, SIN FIN DE LUCRO ALGUNO <\/p>\n","protected":false},"excerpt":{"rendered":"<p>Fuertes im\u00e1genes se viralizaron en redes sociales tras el fatal accidente que protagonizaron dos micros del transporte p\u00fablico de Valpara\u00edso y que le cost\u00f3 la vida a ambos choferes. Junto los decesos, las autoridades confirmaron que 21 personas, principalmente pasajeros, resultaron con lesiones de diversa consideraci\u00f3n.<\/p>\n","protected":false},"author":51,"featured_media":0,"comment_status":"open","ping_status":"open","sticky":false,"template":"","format":"standard","meta":{"footnotes":""},"categories":[16,31,11],"tags":[770,93,1528],"class_list":["post-29379","post","type-post","status-publish","format-standard","hentry","category-nacional","category-salud","category-tendencias","tag-accidente","tag-pais","tag-tragedia-en-valparaiso"],"_links":{"self":[{"href":"http:\/\/www.lanuevaopcion.cl\/index.php?rest_route=\/wp\/v2\/posts\/29379","targetHints":{"allow":["GET"]}}],"collection":[{"href":"http:\/\/www.lanuevaopcion.cl\/index.php?rest_route=\/wp\/v2\/posts"}],"about":[{"href":"http:\/\/www.lanuevaopcion.cl\/index.php?rest_route=\/wp\/v2\/types\/post"}],"author":[{"embeddable":true,"href":"http:\/\/www.lanuevaopcion.cl\/index.php?rest_route=\/wp\/v2\/users\/51"}],"replies":[{"embeddable":true,"href":"http:\/\/www.lanuevaopcion.cl\/index.php?rest_route=%2Fwp%2Fv2%2Fcomments&post=29379"}],"version-history":[{"count":1,"href":"http:\/\/www.lanuevaopcion.cl\/index.php?rest_route=\/wp\/v2\/posts\/29379\/revisions"}],"predecessor-version":[{"id":29380,"href":"http:\/\/www.lanuevaopcion.cl\/index.php?rest_route=\/wp\/v2\/posts\/29379\/revisions\/29380"}],"wp:attachment":[{"href":"http:\/\/www.lanuevaopcion.cl\/index.php?rest_route=%2Fwp%2Fv2%2Fmedia&parent=29379"}],"wp:term":[{"taxonomy":"category","embeddable":true,"href":"http:\/\/www.lanuevaopcion.cl\/index.php?rest_route=%2Fwp%2Fv2%2Fcategories&post=29379"},{"taxonomy":"post_tag","embeddable":true,"href":"http:\/\/www.lanuevaopcion.cl\/index.php?rest_route=%2Fwp%2Fv2%2Ftags&post=29379"}],"curies":[{"name":"wp","href":"https:\/\/api.w.org\/{rel}","templated":true}]}}