{"id":29347,"date":"2025-06-06T11:26:30","date_gmt":"2025-06-06T11:26:30","guid":{"rendered":"http:\/\/www.lanuevaopcion.cl\/?p=29347"},"modified":"2025-06-06T11:26:30","modified_gmt":"2025-06-06T11:26:30","slug":"esta-seria-la-causa-de-muerte-de-francisco-albornoz-revelan-certificado-de-defuncion-que-remece-el-caso","status":"publish","type":"post","link":"http:\/\/www.lanuevaopcion.cl\/?p=29347","title":{"rendered":"Esta ser\u00eda la causa de muerte de Francisco Albornoz: revelan certificado de defunci\u00f3n que remece el caso"},"content":{"rendered":"<p><img loading=\"lazy\" decoding=\"async\"  alt=\"\" src=\"https:\/\/www.lacuarta.com\/resizer\/v2\/3NHHRZWXSBC2FKZT6FUAH64JRM.jpg?quality=75&#038;smart=true&#038;auth=eed5b2a553403bc44f22131b8fcc44f636399140782de9c2198881981e0cee5b&#038;width=360&#038;height=180\" class=\"alignleft\" width=\"360\" height=\"180\" \/ class=\"alignleft\" style=\"margin-right:15px;margin-bottom:10px;float:left;\" ><br \/>\nUn importante antecedente se conoci\u00f3 este jueves sobre lo ocurrido con Francisco Albornoz, el joven de 21 a\u00f1os que fue hallado muerto en la Regi\u00f3n de O\u2019Higgins 11 d\u00edas despu\u00e9s de desaparecer en \u00d1u\u00f1oa.<\/p>\n<p>Hasta ahora se sabe que el d\u00eda de su desaparici\u00f3n, el 23 de mayo, Albornoz se reuni\u00f3 con el m\u00e9dico ecuatoriano Christian Gonz\u00e1lez (31) y el chef Jos\u00e9 Miguel B\u00e1eza (41), ambos detenidos, para un encuentro sexual.<br \/>\n<!--more--><br \/>\nDe alguna manera la cita se sale de control y el cuerpo del joven farmac\u00e9utico termin\u00f3 lanzado por sus acompa\u00f1antes al lecho del R\u00edo Tinguiririca, a unos 160 kil\u00f3metros de Santiago.<\/p>\n<p>powered by<br \/>\nSeg\u00fan supo La Tercera, en su confesi\u00f3n el m\u00e9dico desliz\u00f3 que Francisco pudo haber sufrido una sobredosis de drogas. Sin embargo, ese relato no se condice con el resultado de peritajes a los que accedi\u00f3 el mismo medio: que el joven habr\u00eda sido lanzado al r\u00edo cuando a\u00fan estaba vivo.<\/p>\n<p>Francisco Albornoz<br \/>\nFrancisco Albornoz<br \/>\nRevelan informe sobre causa de muerte de Francisco Albornoz<br \/>\nAhora, se sum\u00f3 un nuevo dato que descarta una sobredosis como causa de muerte: el certificado de defunci\u00f3n de Francisco, emitido por el Servicio M\u00e9dico Legal (SML) de San Fernando.<\/p>\n<p>De acuerdo a lo publicado por The Clinic, el documento establece como causa de muerte un traumatismo enc\u00e9falo craneano. Es decir, habr\u00eda sufrido una mortal lesi\u00f3n en su cabeza, producida por un golpe.<\/p>\n<p>El certificado fue emitido el pasado 3 de junio y est\u00e1 firmado por el m\u00e9dico forense Nicol\u00e1s Villagra, y ser\u00e1 clave para que la Fiscal\u00eda pueda establecer qu\u00e9 ocurri\u00f3 con \u201cPanchito\u201d y la responsabilidad de los dos detenidos, que ser\u00e1n formalizados este s\u00e1bado, seg\u00fan ha trascendido, por el delito de homicidio.<br \/>\nhttps:\/\/www.lacuarta.com\/chile\/noticia\/esta-seria-la-causa-de-muerte-de-francisco-albornoz-revelan-certificado-de-defuncion-que-remece-el-caso\/#<br \/>\nFUENTE.LA CUARTA.COM<br \/>\nMEDIO DE DIFUSION , SIN FIN DE LUCRO ALGUNO<\/p>\n","protected":false},"excerpt":{"rendered":"<p>Un importante antecedente se conoci\u00f3 este jueves sobre lo ocurrido con Francisco Albornoz, el joven de 21 a\u00f1os que fue hallado muerto en la Regi\u00f3n de O\u2019Higgins 11 d\u00edas despu\u00e9s de desaparecer en \u00d1u\u00f1oa. Hasta ahora se sabe que el d\u00eda de su desaparici\u00f3n, el 23 de mayo, Albornoz se reuni\u00f3 con el m\u00e9dico ecuatoriano [&hellip;]<\/p>\n","protected":false},"author":51,"featured_media":0,"comment_status":"open","ping_status":"open","sticky":false,"template":"","format":"standard","meta":{"footnotes":""},"categories":[8,16,30,11],"tags":[205,93],"class_list":["post-29347","post","type-post","status-publish","format-standard","hentry","category-cultura","category-nacional","category-policial","category-tendencias","tag-chile","tag-pais"],"_links":{"self":[{"href":"http:\/\/www.lanuevaopcion.cl\/index.php?rest_route=\/wp\/v2\/posts\/29347","targetHints":{"allow":["GET"]}}],"collection":[{"href":"http:\/\/www.lanuevaopcion.cl\/index.php?rest_route=\/wp\/v2\/posts"}],"about":[{"href":"http:\/\/www.lanuevaopcion.cl\/index.php?rest_route=\/wp\/v2\/types\/post"}],"author":[{"embeddable":true,"href":"http:\/\/www.lanuevaopcion.cl\/index.php?rest_route=\/wp\/v2\/users\/51"}],"replies":[{"embeddable":true,"href":"http:\/\/www.lanuevaopcion.cl\/index.php?rest_route=%2Fwp%2Fv2%2Fcomments&post=29347"}],"version-history":[{"count":1,"href":"http:\/\/www.lanuevaopcion.cl\/index.php?rest_route=\/wp\/v2\/posts\/29347\/revisions"}],"predecessor-version":[{"id":29348,"href":"http:\/\/www.lanuevaopcion.cl\/index.php?rest_route=\/wp\/v2\/posts\/29347\/revisions\/29348"}],"wp:attachment":[{"href":"http:\/\/www.lanuevaopcion.cl\/index.php?rest_route=%2Fwp%2Fv2%2Fmedia&parent=29347"}],"wp:term":[{"taxonomy":"category","embeddable":true,"href":"http:\/\/www.lanuevaopcion.cl\/index.php?rest_route=%2Fwp%2Fv2%2Fcategories&post=29347"},{"taxonomy":"post_tag","embeddable":true,"href":"http:\/\/www.lanuevaopcion.cl\/index.php?rest_route=%2Fwp%2Fv2%2Ftags&post=29347"}],"curies":[{"name":"wp","href":"https:\/\/api.w.org\/{rel}","templated":true}]}}