{"id":29317,"date":"2025-05-21T18:15:56","date_gmt":"2025-05-21T18:15:56","guid":{"rendered":"http:\/\/www.lanuevaopcion.cl\/?p=29317"},"modified":"2025-05-21T18:17:08","modified_gmt":"2025-05-21T18:17:08","slug":"maria-jose-prieto-rompe-el-silencio-y-habla-tras-sobreseimiento-de-cristian-campos-tras-acusaciones-realizo-inesperado-anuncio","status":"publish","type":"post","link":"http:\/\/www.lanuevaopcion.cl\/?p=29317","title":{"rendered":"Mar\u00eda Jos\u00e9 Prieto rompe el silencio y habla tras sobreseimiento de Cristi\u00e1n Campos tras acusaciones: realiz\u00f3 inesperado anuncio"},"content":{"rendered":"<p><img loading=\"lazy\" decoding=\"async\"  alt=\"\" src=\"https:\/\/www.lacuarta.com\/resizer\/v2\/LNQUHE7D2RG2LOXHGP6HW5BMQA.jpg?quality=75&#038;smart=true&#038;auth=2744cc23547b07c6b5a8b0ae63359e3ad323f2bcc1632a4f75e0f5f76eddf89b&#038;width=360&#038;height=180\" class=\"alignleft\" width=\"360\" height=\"180\" \/ class=\"alignleft\" style=\"margin-right:15px;margin-bottom:10px;float:left;\" ><br \/>\nUna sincera reflexi\u00f3n comparti\u00f3 este martes Mar\u00eda Jos\u00e9 Prieto en un nuevo cap\u00edtulo de Brutality, programa de espect\u00e1culos conducido por Vale Ortega, y que es emitido a trav\u00e9s de las redes sociales y los sitios webs de Glamorama y La Cuarta.<\/p>\n<p>En la ocasi\u00f3n, la actriz rompi\u00f3 el silencio y se refiri\u00f3 al sobreseimiento del caso de Cristi\u00e1n Campos, quien hab\u00eda sido acusado de abuso sexual por Raffaella di Girolamo, hija de su ex esposa, Claudia di Girolamo.<br \/>\n<!--more--><br \/>\nTras ser consultada por el tema, reconoci\u00f3 que \u201cestamos bien, estamos tranquilos, menos mal, y contentos tambi\u00e9n por el sobreseimiento. Tengo ganas de hablar mucho m\u00e1s, pero todav\u00eda no podemos, pero s\u00ed quiero hablar despu\u00e9s de por qu\u00e9 llegan a uno estas cosas, porque tenemos la responsabilidad de hablar y de ver lo mal que est\u00e1n funcionado algunas instituciones y el da\u00f1o que le hacen a tanta gente\u201d.<\/p>\n<p>powered by<br \/>\nEso s\u00ed, sostuvo que por el momento no puede explayarse m\u00e1s sobre el caso, \u201cpero s\u00ed estamos contentos. Estamos viendo la luz al final de este t\u00fanel. Y estamos bien como familia\u201d.<\/p>\n<p>El enojo de Mar\u00eda Jos\u00e9 Prieto<br \/>\nSin embargo, de todas formas se tom\u00f3 un minuto para exponer su molestia en contra de la Fundaci\u00f3n para la Confianza, quien fue la encargada de tomar el caso y de presentar la una querella en contra de Cristi\u00e1n Campos.<\/p>\n<p>\u201cLamentablemente, la Fundaci\u00f3n para la Confianza, que deber\u00eda ser una Fundaci\u00f3n \u2018para la confianza\u2019, transgredi\u00f3 el Art\u00edculo n\u00famero 4, que es que todas las personas son inocentes hasta que la Justicia apruebe lo contrario. Y eso no lo hicieron\u201d, plante\u00f3.<\/p>\n<p>Y en esa misma l\u00ednea, indic\u00f3 que \u201ces un procedimiento lamentablemente que lo usan mucho, entonces ah\u00ed hay una falencia muy importante, porque aqu\u00ed estamos hablando de un tema de abuso sexual de menores, y est\u00e1n los ni\u00f1os implicados. Y ah\u00ed me toca en la herida porque la verdad, yo soy mam\u00e1, yo fui abusada. Y yo llevo mucho tiempo trabajando en distintas fundaciones porque las mujeres, los ni\u00f1os saquen la voz\u201d.<\/p>\n<p>Adem\u00e1s, recalc\u00f3 que el hecho de \u201cque se est\u00e9n haciendo las cosas tan mal hoy en d\u00eda como pa\u00eds a m\u00ed eso me provoca mucho dolor. Y para eso voy a levantar una causa. No ahora, pero voy hacia all\u00e1. Por algo nos lleg\u00f3 esto y nos vamos a hacer cargo\u201d.<\/p>\n<p>Por \u00faltimo, destac\u00f3 el importante apoyo que ha recibido para afrontar todo lo sucedido.<\/p>\n<p>\u201cMi hermana \u00c1ngela, mi hermana Paz, mi hermano Benjam\u00edn, mis primas\u2026 tengo un grupo de personas detr\u00e1s de contenci\u00f3n. Algunas amigas, amigos. Y eso se valora m\u00e1s que nunca en estos tiempos\u201d, cerr\u00f3.<br \/>\nhttps:\/\/www.lacuarta.com\/espectaculos\/noticia\/maria-jose-prieto-rompe-el-silencio-y-habla-tras-sobreseimiento-de-cristian-campos-tras-acusaciones-realizo-inesperado-anuncio\/#<br \/>\nFUENTE. LA CUARTA.COM<br \/>\nMEDIO DE DIFUSION, SIN FIN DE LUCRO ALGUNO <\/p>\n","protected":false},"excerpt":{"rendered":"<p>Una sincera reflexi\u00f3n comparti\u00f3 este martes Mar\u00eda Jos\u00e9 Prieto en un nuevo cap\u00edtulo de Brutality, programa de espect\u00e1culos conducido por Vale Ortega, y que es emitido a trav\u00e9s de las redes sociales y los sitios webs de Glamorama y La Cuarta. En la ocasi\u00f3n, la actriz rompi\u00f3 el silencio y se refiri\u00f3 al sobreseimiento del [&hellip;]<\/p>\n","protected":false},"author":51,"featured_media":0,"comment_status":"open","ping_status":"open","sticky":false,"template":"","format":"standard","meta":{"footnotes":""},"categories":[8,9,16,30,31,11],"tags":[263,1514,138,1515],"class_list":["post-29317","post","type-post","status-publish","format-standard","hentry","category-cultura","category-educacion","category-nacional","category-policial","category-salud","category-tendencias","tag-actor","tag-cristian-campos","tag-espectaculo","tag-sobreseimiento"],"_links":{"self":[{"href":"http:\/\/www.lanuevaopcion.cl\/index.php?rest_route=\/wp\/v2\/posts\/29317","targetHints":{"allow":["GET"]}}],"collection":[{"href":"http:\/\/www.lanuevaopcion.cl\/index.php?rest_route=\/wp\/v2\/posts"}],"about":[{"href":"http:\/\/www.lanuevaopcion.cl\/index.php?rest_route=\/wp\/v2\/types\/post"}],"author":[{"embeddable":true,"href":"http:\/\/www.lanuevaopcion.cl\/index.php?rest_route=\/wp\/v2\/users\/51"}],"replies":[{"embeddable":true,"href":"http:\/\/www.lanuevaopcion.cl\/index.php?rest_route=%2Fwp%2Fv2%2Fcomments&post=29317"}],"version-history":[{"count":3,"href":"http:\/\/www.lanuevaopcion.cl\/index.php?rest_route=\/wp\/v2\/posts\/29317\/revisions"}],"predecessor-version":[{"id":29320,"href":"http:\/\/www.lanuevaopcion.cl\/index.php?rest_route=\/wp\/v2\/posts\/29317\/revisions\/29320"}],"wp:attachment":[{"href":"http:\/\/www.lanuevaopcion.cl\/index.php?rest_route=%2Fwp%2Fv2%2Fmedia&parent=29317"}],"wp:term":[{"taxonomy":"category","embeddable":true,"href":"http:\/\/www.lanuevaopcion.cl\/index.php?rest_route=%2Fwp%2Fv2%2Fcategories&post=29317"},{"taxonomy":"post_tag","embeddable":true,"href":"http:\/\/www.lanuevaopcion.cl\/index.php?rest_route=%2Fwp%2Fv2%2Ftags&post=29317"}],"curies":[{"name":"wp","href":"https:\/\/api.w.org\/{rel}","templated":true}]}}