{"id":29315,"date":"2025-05-20T18:03:58","date_gmt":"2025-05-20T18:03:58","guid":{"rendered":"http:\/\/www.lanuevaopcion.cl\/?p=29315"},"modified":"2025-05-20T18:03:58","modified_gmt":"2025-05-20T18:03:58","slug":"%e2%80%9cfui-un-completo-imbecil%e2%80%9d-joven-funado-por-llamativa-actitud-en-amor-a-ciegas-hizo-mea-culpa-pero-apunto-contra-edicion-del-programa","status":"publish","type":"post","link":"http:\/\/www.lanuevaopcion.cl\/?p=29315","title":{"rendered":"\u201cFui un completo imb\u00e9cil\u201d: joven funado por llamativa actitud en Amor a Ciegas hizo mea culpa, pero apunt\u00f3 contra edici\u00f3n del programa"},"content":{"rendered":"<p><img loading=\"lazy\" decoding=\"async\"  alt=\"\" src=\"https:\/\/www.lacuarta.com\/resizer\/v2\/RTUKJEQ2YZHGXAMWPXBYCWIKQE.jpg?quality=75&#038;smart=true&#038;auth=dc6566d0974d6ceafe7411a761d18da983bcd94217255b92282855c881b253a3&#038;width=360&#038;height=180\" class=\"alignleft\" width=\"360\" height=\"180\" \/ class=\"alignleft\" style=\"margin-right:15px;margin-bottom:10px;float:left;\" ><br \/>\nRevuelo gener\u00f3 este lunes el nuevo cap\u00edtulo de Amor a Ciegas, donde una particular cita se rob\u00f3 la pel\u00edcula y dio que hablar en las redes sociales.<\/p>\n<p>As\u00ed nom\u00e1s, pues nadie qued\u00f3 indiferente tras ver el encuentro de Renata y Benjam\u00edn, dos j\u00f3venes que no tuvieron \u201conda\u201d y que protagonizaron uno de los momentos m\u00e1s tensos de la temporada.<br \/>\n<!--more--><br \/>\nEn concreto, la joven de 20 a\u00f1os se present\u00f3 como una estudiante de marketing digital, y \u00e9l como un hombre de 24 a\u00f1os, actor, y que tambi\u00e9n cursa actualmente un mag\u00edster en marketing.<\/p>\n<p>powered by<br \/>\nSin embargo, tras una serie de chistes fuera de lugar, y por su actitud, el hombre fue funado sin asco en las redes sociales. Incluso, lo trolearon por no querer pagar la cuenta, aunque se defendi\u00f3 con que justo los d\u00edas previos a la grabaci\u00f3n lo hab\u00edan asaltado.<\/p>\n<p>Llamado por redes sociales<br \/>\nEso s\u00ed, el involucrado comparti\u00f3 horas antes de que se emitiera el cap\u00edtulo, y como sabiendo lo que se le ven\u00eda, un video en Instagram en el que hizo un desesperado llamado para que no lo hicieran bolsa.<\/p>\n<p>\u201cVayan a apoyarme para que no me funen, porque fui un completo imb\u00e9cil, s\u00ed, puede ser\u201d, confes\u00f3 de entrada Benjam\u00edn.<\/p>\n<p>Y en esa misma l\u00ednea, comparti\u00f3 algunos detalles de lo ocurrido: \u201cEsto fue el mi\u00e9rcoles (la cita). El lunes me hab\u00edan asaltado, fue cuando me robaron el tel\u00e9fono, estaba sin plata, con mucho sue\u00f1o, con hambre. No me quiero justificar un poco todo lo que hice, pero b\u00e1nquenme la hue&#8230; por favor\u00bb.<\/p>\n<p>\u201c\u00a1Ay\u00fadenme, no quiero que me funen!\u201d, pidi\u00f3 a trav\u00e9s de la mencionada plataforma virtual.<\/p>\n<p>Sab\u00eda lo que se ven\u00eda<br \/>\nPero eso no es todo, pues luego de ver el episodio en pantalla, revel\u00f3 que la edici\u00f3n del programa lo perjudic\u00f3. \u201cYo lo advert\u00ed, me va a caer la funa de la vida. Que bien\u201d, ironiz\u00f3 junto a unos pantallazos de WhatsApp donde le iban contando lo que estaba pasando en TV.<\/p>\n<p>\u201cBr\u00edgido como la edici\u00f3n hace magia\u201d, comparti\u00f3 en otro registro. \u201cNo te puedo creer que haya salido tan como el pi\u2026, estoy impresionado\u201d, relat\u00f3.<\/p>\n<p>Cabe destacar que en las redes sociales no lo perdonaron y, pese a su justificaci\u00f3n del asalto, igual nom\u00e1s lo lapidaron.<\/p>\n<p>\u201cC\u00f3mo vas a una cita sin plata, que cringe para la pobre cabra\u201d; \u201ccafiche llor\u00f3n\u201d y \u201c\u00bfde verdad eres as\u00ed o un personaje?\u201d, fueron s\u00f3lo algunos de los comentarios que recibi\u00f3.<br \/>\nhttps:\/\/www.lacuarta.com\/espectaculos\/noticia\/fui-un-completo-imbecil-joven-funado-por-llamativa-actitud-en-amor-a-ciegas-hizo-mea-culpa-pero-apunto-contra-edicion-del-programa\/#<br \/>\nFUENTE, LA CUARTA.COM<br \/>\nMEDIO DE DIFUSION, SIN FIN DE LUCRO ALGUNO <\/p>\n","protected":false},"excerpt":{"rendered":"<p>Revuelo gener\u00f3 este lunes el nuevo cap\u00edtulo de Amor a Ciegas, donde una particular cita se rob\u00f3 la pel\u00edcula y dio que hablar en las redes sociales. As\u00ed nom\u00e1s, pues nadie qued\u00f3 indiferente tras ver el encuentro de Renata y Benjam\u00edn, dos j\u00f3venes que no tuvieron \u201conda\u201d y que protagonizaron uno de los momentos m\u00e1s [&hellip;]<\/p>\n","protected":false},"author":51,"featured_media":0,"comment_status":"open","ping_status":"open","sticky":false,"template":"","format":"standard","meta":{"footnotes":""},"categories":[8,9,16,11],"tags":[1513,138,116],"class_list":["post-29315","post","type-post","status-publish","format-standard","hentry","category-cultura","category-educacion","category-nacional","category-tendencias","tag-amor-a-ciegas","tag-espectaculo","tag-tv"],"_links":{"self":[{"href":"http:\/\/www.lanuevaopcion.cl\/index.php?rest_route=\/wp\/v2\/posts\/29315","targetHints":{"allow":["GET"]}}],"collection":[{"href":"http:\/\/www.lanuevaopcion.cl\/index.php?rest_route=\/wp\/v2\/posts"}],"about":[{"href":"http:\/\/www.lanuevaopcion.cl\/index.php?rest_route=\/wp\/v2\/types\/post"}],"author":[{"embeddable":true,"href":"http:\/\/www.lanuevaopcion.cl\/index.php?rest_route=\/wp\/v2\/users\/51"}],"replies":[{"embeddable":true,"href":"http:\/\/www.lanuevaopcion.cl\/index.php?rest_route=%2Fwp%2Fv2%2Fcomments&post=29315"}],"version-history":[{"count":1,"href":"http:\/\/www.lanuevaopcion.cl\/index.php?rest_route=\/wp\/v2\/posts\/29315\/revisions"}],"predecessor-version":[{"id":29316,"href":"http:\/\/www.lanuevaopcion.cl\/index.php?rest_route=\/wp\/v2\/posts\/29315\/revisions\/29316"}],"wp:attachment":[{"href":"http:\/\/www.lanuevaopcion.cl\/index.php?rest_route=%2Fwp%2Fv2%2Fmedia&parent=29315"}],"wp:term":[{"taxonomy":"category","embeddable":true,"href":"http:\/\/www.lanuevaopcion.cl\/index.php?rest_route=%2Fwp%2Fv2%2Fcategories&post=29315"},{"taxonomy":"post_tag","embeddable":true,"href":"http:\/\/www.lanuevaopcion.cl\/index.php?rest_route=%2Fwp%2Fv2%2Ftags&post=29315"}],"curies":[{"name":"wp","href":"https:\/\/api.w.org\/{rel}","templated":true}]}}