{"id":29285,"date":"2025-05-02T12:02:16","date_gmt":"2025-05-02T12:02:16","guid":{"rendered":"http:\/\/www.lanuevaopcion.cl\/?p=29285"},"modified":"2025-05-02T12:02:45","modified_gmt":"2025-05-02T12:02:45","slug":"todo-grabado-carabinero-de-franco-repele-intento-de-encerrona-y-mata-a-disparos-a-menor-de-edad-en-puente-alto","status":"publish","type":"post","link":"http:\/\/www.lanuevaopcion.cl\/?p=29285","title":{"rendered":"Todo grabado: carabinero de franco repele intento de encerrona y mata a disparos a menor de edad en Puente Alto"},"content":{"rendered":"<p><img loading=\"lazy\" decoding=\"async\"  alt=\"\" src=\"https:\/\/www.lacuarta.com\/resizer\/v2\/QXP2TLUZONGEVPJ4LHJD4VGTHM.jpg?quality=75&#038;smart=true&#038;auth=d92a22a913997ad243223a15f1a9b3e7a19953500720340b0c9a02549b6dfd7f&#038;width=360&#038;height=180\" class=\"alignleft\" width=\"360\" height=\"180\" \/ class=\"alignleft\" style=\"margin-right:15px;margin-bottom:10px;float:left;\" ><br \/>\nTras sufrir un intento de encerrona en la comuna de Puente Alto, un funcionario de Carabineros abati\u00f3 a un asaltante menor de edad.<\/p>\n<p>Los hechos se registraron anoche, luego cuando el funcionario policial fuese interceptado por un grupo de delincuentes que se transportaba en otro veh\u00edculo.<\/p>\n<p>Al respecto, el subprefecto Rodrigo Rodr\u00edguez, Jefe de la Brigada de Homicidios Sur de la PDI, detall\u00f3 que \u201cun funcionario de Carabineros que se encontraba a bordo de su veh\u00edculo es interceptado por otro veh\u00edculo del cual descienden unos sujetos, los intimidan y el funcionario al verse v\u00edctima del delito de robo con intimidaci\u00f3n repele este ataque con su arma efectuando disparos\u201d.<br \/>\n<!--more--><br \/>\nPor su parte, el fiscal Ignacio Soto Retamal, de la Fiscal\u00eda Metropolitana, precis\u00f3 que el carabinero de franco utiliz\u00f3 su arma debidamente inscrita y que \u201cocasiona la muerte a una de las personas que se dirigieron al autom\u00f3vil, el cual queda en el lugar, solamente encontr\u00e1ndose un cuerpo en el interior\u201c.<\/p>\n<p>\u201cDe acuerdo a la versi\u00f3n de la misma v\u00edctima, lo habr\u00edan intimidado con elementos contundentes y con un arma, pero estamos recabando esa informaci\u00f3n y el procedimiento se encuentra en desarrollo a fin de determinar fehacientemente los elementos que fueron utilizados para la comisi\u00f3n de este delito\u201d, detall\u00f3 subprefecto Rodrigo Rodr\u00edguez de la PDI.<br \/>\nhttps:\/\/www.lacuarta.com\/chile\/noticia\/todo-grabado-carabinero-de-franco-repele-intento-de-encerrona-y-mata-a-disparos-a-menor-de-edad-en-puente-alto\/<br \/>\nFUENTE. LA CUARTA.COM<br \/>\nMEDIO DE DIFUSION, SIN FIN DE LUCRO ALGUNO <\/p>\n","protected":false},"excerpt":{"rendered":"<p>Tras sufrir un intento de encerrona en la comuna de Puente Alto, un funcionario de Carabineros abati\u00f3 a un asaltante menor de edad. Los hechos se registraron anoche, luego cuando el funcionario policial fuese interceptado por un grupo de delincuentes que se transportaba en otro veh\u00edculo. Al respecto, el subprefecto Rodrigo Rodr\u00edguez, Jefe de la [&hellip;]<\/p>\n","protected":false},"author":51,"featured_media":0,"comment_status":"open","ping_status":"open","sticky":false,"template":"","format":"standard","meta":{"footnotes":""},"categories":[5,16,30,11],"tags":[334,1304,122],"class_list":["post-29285","post","type-post","status-publish","format-standard","hentry","category-internacional","category-nacional","category-policial","category-tendencias","tag-carabineros-de-chile","tag-encerrona","tag-pdi"],"_links":{"self":[{"href":"http:\/\/www.lanuevaopcion.cl\/index.php?rest_route=\/wp\/v2\/posts\/29285","targetHints":{"allow":["GET"]}}],"collection":[{"href":"http:\/\/www.lanuevaopcion.cl\/index.php?rest_route=\/wp\/v2\/posts"}],"about":[{"href":"http:\/\/www.lanuevaopcion.cl\/index.php?rest_route=\/wp\/v2\/types\/post"}],"author":[{"embeddable":true,"href":"http:\/\/www.lanuevaopcion.cl\/index.php?rest_route=\/wp\/v2\/users\/51"}],"replies":[{"embeddable":true,"href":"http:\/\/www.lanuevaopcion.cl\/index.php?rest_route=%2Fwp%2Fv2%2Fcomments&post=29285"}],"version-history":[{"count":2,"href":"http:\/\/www.lanuevaopcion.cl\/index.php?rest_route=\/wp\/v2\/posts\/29285\/revisions"}],"predecessor-version":[{"id":29287,"href":"http:\/\/www.lanuevaopcion.cl\/index.php?rest_route=\/wp\/v2\/posts\/29285\/revisions\/29287"}],"wp:attachment":[{"href":"http:\/\/www.lanuevaopcion.cl\/index.php?rest_route=%2Fwp%2Fv2%2Fmedia&parent=29285"}],"wp:term":[{"taxonomy":"category","embeddable":true,"href":"http:\/\/www.lanuevaopcion.cl\/index.php?rest_route=%2Fwp%2Fv2%2Fcategories&post=29285"},{"taxonomy":"post_tag","embeddable":true,"href":"http:\/\/www.lanuevaopcion.cl\/index.php?rest_route=%2Fwp%2Fv2%2Ftags&post=29285"}],"curies":[{"name":"wp","href":"https:\/\/api.w.org\/{rel}","templated":true}]}}