{"id":29246,"date":"2025-04-04T10:04:37","date_gmt":"2025-04-04T10:04:37","guid":{"rendered":"http:\/\/www.lanuevaopcion.cl\/?p=29246"},"modified":"2025-04-04T10:04:37","modified_gmt":"2025-04-04T10:04:37","slug":"%e2%80%9c%c2%a1cayo-allende%e2%80%9c-y-%e2%80%9cmerecido-castigo%e2%80%9d-asi-festinan-en-la-derecha-por-la-destitucion-de-la-senadora-isabel-allende","status":"publish","type":"post","link":"http:\/\/www.lanuevaopcion.cl\/?p=29246","title":{"rendered":"\u201c\u00a1Cay\u00f3 Allende!\u201c y \u201cMerecido castigo\u201d: As\u00ed festinan en la derecha por la destituci\u00f3n de la senadora Isabel Allende"},"content":{"rendered":"<p><img loading=\"lazy\" decoding=\"async\"  alt=\"\" src=\"https:\/\/www.lacuarta.com\/resizer\/v2\/RDWLJ4DW3BDI3IQRUX5PONCEZM.jpg?quality=75&#038;smart=true&#038;auth=4ea7188651b42b644e39a2138c2ea062a8323b1d7bf0dce7af61c4135e5403be&#038;width=360&#038;height=180\" class=\"alignleft\" width=\"360\" height=\"180\" \/ class=\"alignleft\" style=\"margin-right:15px;margin-bottom:10px;float:left;\" ><br \/>\nComo un \u201cmerecido castigo\u201d calificaron en la derecha m\u00e1s dura la decisi\u00f3n del Tribunal Constitucional de remover de su cargo a la senadora Isabel Allende Bussi, debido a la fallida compra venta de la casa de su padre, el exPresidente Salvador Allende.<\/p>\n<p>Se trata de una decisi\u00f3n hist\u00f3rica porque es primera vez que el TC cesa de sus funciones a un congresista en ejercicio y en la oposici\u00f3n festejan porque fue precisamente gracias a un requerimiento del Partido Republicano y Chile Vamos.<br \/>\n<!--more--><br \/>\nReacciones en la derecha<br \/>\nEl diputado Cristi\u00e1n Araya, jefe de la bancada republicana, descarg\u00f3: \u201c\u00a1Cay\u00f3 Allende! (&#8230;) Isabel Allende cesar\u00e1 en su cargo por su flagrante vulneraci\u00f3n al orden constitucional. No les dejaremos pasar ninguna. Nadie est\u00e1 por sobre la ley\u201c.<\/p>\n<p>La candidata presidencial Evelyn Matthei tampoco tard\u00f3 en pronunciarse: \u201cEl gobierno no se apeg\u00f3 ni respet\u00f3 las leyes. No hay lugar para excepciones ni privilegios para nadie\u201d.<\/p>\n<p>La diputada Gloria Naveill\u00e1n, del Partido Nacional Libertario, dijo: \u201cCae la senadora Isabel Allende, despu\u00e9s de a\u00f1os de vivir de cargos p\u00fablicos. Merecido castigo\u201d.<\/p>\n<p>PUBLICIDAD<\/p>\n<p>Por su parte, el presidente del Partido Republicano, Arturo Squella, apunt\u00f3 al primer mandatario: \u201cLo que viene ahora es que el Presidente Gabriel Boric aclare hasta d\u00f3nde est\u00e1 \u00e9l involucrado en la decisi\u00f3n de comprar una casa que le pertenec\u00eda a una ministra de Estado y a una senadora\u201d.<\/p>\n<p>En la misma l\u00ednea se expres\u00f3 Jos\u00e9 Antonio Kast. Tild\u00f3 a Boric de \u201cautor intelectual\u201d de esta \u201coperaci\u00f3n incosntitucional\u201d y lo llam\u00f3 a \u201cdar la cara\u201d.<\/p>\n<p>Tampoco quiso quedar al margen el diputado Johannes Kaiser: \u201cLos parlamentarios que rechazaron la acusaci\u00f3n constitucional contra la ministra Fernandez, han quedado en evidencia. Su falta de apego a la ley ha sido descubierta por el fallo del TC respecto de la senadora Allende. Su verguenza entrar\u00e1 a la historia\u201d.<br \/>\nhttps:\/\/www.lacuarta.com\/chile\/noticia\/cayo-allende-y-merecido-castigo-asi-festinan-en-la-derecha-por-la-destitucion-de-la-senadora-isabel-allende\/#<br \/>\nFUENTE. LA CUARTA.COM<br \/>\nMEDIO DE DIFUSION, SIN FIN DE LUCRO ALGUNO <\/p>\n","protected":false},"excerpt":{"rendered":"<p>Como un \u201cmerecido castigo\u201d calificaron en la derecha m\u00e1s dura la decisi\u00f3n del Tribunal Constitucional de remover de su cargo a la senadora Isabel Allende Bussi, debido a la fallida compra venta de la casa de su padre, el exPresidente Salvador Allende. Se trata de una decisi\u00f3n hist\u00f3rica porque es primera vez que el TC [&hellip;]<\/p>\n","protected":false},"author":51,"featured_media":0,"comment_status":"open","ping_status":"open","sticky":false,"template":"","format":"standard","meta":{"footnotes":""},"categories":[5,16,1],"tags":[1496,77,503],"class_list":["post-29246","post","type-post","status-publish","format-standard","hentry","category-internacional","category-nacional","category-uncategorized","tag-isabel-allende","tag-mundo","tag-senado-de-chile"],"_links":{"self":[{"href":"http:\/\/www.lanuevaopcion.cl\/index.php?rest_route=\/wp\/v2\/posts\/29246","targetHints":{"allow":["GET"]}}],"collection":[{"href":"http:\/\/www.lanuevaopcion.cl\/index.php?rest_route=\/wp\/v2\/posts"}],"about":[{"href":"http:\/\/www.lanuevaopcion.cl\/index.php?rest_route=\/wp\/v2\/types\/post"}],"author":[{"embeddable":true,"href":"http:\/\/www.lanuevaopcion.cl\/index.php?rest_route=\/wp\/v2\/users\/51"}],"replies":[{"embeddable":true,"href":"http:\/\/www.lanuevaopcion.cl\/index.php?rest_route=%2Fwp%2Fv2%2Fcomments&post=29246"}],"version-history":[{"count":1,"href":"http:\/\/www.lanuevaopcion.cl\/index.php?rest_route=\/wp\/v2\/posts\/29246\/revisions"}],"predecessor-version":[{"id":29247,"href":"http:\/\/www.lanuevaopcion.cl\/index.php?rest_route=\/wp\/v2\/posts\/29246\/revisions\/29247"}],"wp:attachment":[{"href":"http:\/\/www.lanuevaopcion.cl\/index.php?rest_route=%2Fwp%2Fv2%2Fmedia&parent=29246"}],"wp:term":[{"taxonomy":"category","embeddable":true,"href":"http:\/\/www.lanuevaopcion.cl\/index.php?rest_route=%2Fwp%2Fv2%2Fcategories&post=29246"},{"taxonomy":"post_tag","embeddable":true,"href":"http:\/\/www.lanuevaopcion.cl\/index.php?rest_route=%2Fwp%2Fv2%2Ftags&post=29246"}],"curies":[{"name":"wp","href":"https:\/\/api.w.org\/{rel}","templated":true}]}}