{"id":29239,"date":"2025-04-01T17:05:07","date_gmt":"2025-04-01T17:05:07","guid":{"rendered":"http:\/\/www.lanuevaopcion.cl\/?p=29239"},"modified":"2025-04-01T17:05:07","modified_gmt":"2025-04-01T17:05:07","slug":"%e2%80%9c%c2%bfque-problema-tiene-usted%e2%80%9d-la-extrana-respuesta-del-abogado-de-cathy-barriga-que-dejo-marcando-ocupado-a-neme","status":"publish","type":"post","link":"http:\/\/www.lanuevaopcion.cl\/?p=29239","title":{"rendered":"\u201c\u00bfQu\u00e9 problema tiene usted?\u201d: la extra\u00f1a respuesta del abogado de Cathy Barriga que dej\u00f3 marcando ocupado a Neme"},"content":{"rendered":"<p><img loading=\"lazy\" decoding=\"async\"  alt=\"\" src=\"https:\/\/www.lacuarta.com\/resizer\/v2\/7NU2IMVWHZE2TBCCPY5LRU6DFA.jpg?quality=75&#038;smart=true&#038;auth=8df31ffe5262f29fcb4d8d834ed76365a41b947ed1da7cf66975970a1a9d6fab&#038;width=360&#038;height=180\" class=\"alignleft\" width=\"360\" height=\"180\" \/ class=\"alignleft\" style=\"margin-right:15px;margin-bottom:10px;float:left;\" ><br \/>\nGiovanni Calder\u00f3n, abogado de Cathy Barriga, protagoniz\u00f3 un extra\u00f1o momento en el matinal Mucho Gusto, luego de ser consultado sobre la dificultad que implica defender a la otrora alcaldesa de Maip\u00fa.<\/p>\n<p>\u201c\u00bfEs f\u00e1cil ser abogado de Cathy Barriga? Debe ser una clienta complicada. Cuando ella estaba en arresto domiciliario y hac\u00eda unos TikTok, bailando, haciendo ejercicio&#8230; yo no digo que no lo haga, pero deja un registro, puede ser le\u00eddo como una provocaci\u00f3n. No s\u00e9 si usted me entiende\u201d, le plante\u00f3 Jos\u00e9 Antonio Neme al entrevistado.<br \/>\n<!--more--><br \/>\n\u201cTe entiendo perfectamente y te voy a responder con una analog\u00eda. Es tan dif\u00edcil ser abogado de la exalcaldesa Barriga como va a ser dif\u00edcil si Colo Colo pierde la Copa Libertadores o como hoy d\u00eda es dif\u00edcil ser ciudadano chileno contra el mundo\u201d, respondi\u00f3 Calder\u00f3n, que dej\u00f3 marcando ocupado al conductor del matinal.<\/p>\n<p>powered by<br \/>\nNeme: \u00a1\u00bfC\u00f3mo?! Me perd\u00ed de algo. No entend\u00ed nada su analog\u00eda.<\/p>\n<p>Giovanni Calder\u00f3n: Que es dif\u00edcil decirle al mundo \u201csabe que yo soy chileno y tengo autoridades que, aunque usted no lo crea, hacen las cosas que hacen\u201d.<\/p>\n<p>Explic\u00f3 su \u201canalog\u00eda\u201d<br \/>\nNeme: \u00bfA qui\u00e9n se refiere, particularmente?<\/p>\n<p>Giovanni Calder\u00f3n: Al Presidente.<\/p>\n<p>Neme: \u00bfQu\u00e9 problema tiene usted con el Presidente? \u00bfQu\u00e9 tiene que ver? No entiendo.<\/p>\n<p>Giovanni Calder\u00f3n: Ac\u00e1 hay una cr\u00edtica comunicacional al comportamiento de la exalcaldesa Cathy Barriga que dificulta, a juicio tuyo, la defensa de ella. De la misma manera cuesta defender a las autoridades nacionales, de cara al resto del mundo, frente a lo que vemos habitualmente.<\/p>\n<p>Neme: Pero el Presidente no est\u00e1 formalizado por nada, estamos haciendo comparaciones que no aplican.<\/p>\n<p>Giovanni Calder\u00f3n: Perdona, pero est\u00e1 imputado, porque le habr\u00eda pagado con fondos p\u00fablicos a su abogado para una defensa privada. Est\u00e1 en discusi\u00f3n eso, pero hay una querella en su contra.<br \/>\nhttps:\/\/www.lacuarta.com\/chile\/noticia\/que-problema-tiene-usted-la-extrana-respuesta-del-abogado-de-cathy-barriga-que-dejo-marcando-ocupado-a-neme\/#<br \/>\nFUENTE. LA CUARTA.COM<br \/>\nMEDIO DE DIFUSION, SIN FIN DE LUCRO ALGUNO <\/p>\n","protected":false},"excerpt":{"rendered":"<p>Giovanni Calder\u00f3n, abogado de Cathy Barriga, protagoniz\u00f3 un extra\u00f1o momento en el matinal Mucho Gusto, luego de ser consultado sobre la dificultad que implica defender a la otrora alcaldesa de Maip\u00fa. \u201c\u00bfEs f\u00e1cil ser abogado de Cathy Barriga? Debe ser una clienta complicada. Cuando ella estaba en arresto domiciliario y hac\u00eda unos TikTok, bailando, haciendo [&hellip;]<\/p>\n","protected":false},"author":51,"featured_media":0,"comment_status":"open","ping_status":"open","sticky":false,"template":"","format":"standard","meta":{"footnotes":""},"categories":[8,9,5,16,30,1,11],"tags":[1228,57],"class_list":["post-29239","post","type-post","status-publish","format-standard","hentry","category-cultura","category-educacion","category-internacional","category-nacional","category-policial","category-uncategorized","category-tendencias","tag-cathy-barriga","tag-justicia"],"_links":{"self":[{"href":"http:\/\/www.lanuevaopcion.cl\/index.php?rest_route=\/wp\/v2\/posts\/29239","targetHints":{"allow":["GET"]}}],"collection":[{"href":"http:\/\/www.lanuevaopcion.cl\/index.php?rest_route=\/wp\/v2\/posts"}],"about":[{"href":"http:\/\/www.lanuevaopcion.cl\/index.php?rest_route=\/wp\/v2\/types\/post"}],"author":[{"embeddable":true,"href":"http:\/\/www.lanuevaopcion.cl\/index.php?rest_route=\/wp\/v2\/users\/51"}],"replies":[{"embeddable":true,"href":"http:\/\/www.lanuevaopcion.cl\/index.php?rest_route=%2Fwp%2Fv2%2Fcomments&post=29239"}],"version-history":[{"count":1,"href":"http:\/\/www.lanuevaopcion.cl\/index.php?rest_route=\/wp\/v2\/posts\/29239\/revisions"}],"predecessor-version":[{"id":29240,"href":"http:\/\/www.lanuevaopcion.cl\/index.php?rest_route=\/wp\/v2\/posts\/29239\/revisions\/29240"}],"wp:attachment":[{"href":"http:\/\/www.lanuevaopcion.cl\/index.php?rest_route=%2Fwp%2Fv2%2Fmedia&parent=29239"}],"wp:term":[{"taxonomy":"category","embeddable":true,"href":"http:\/\/www.lanuevaopcion.cl\/index.php?rest_route=%2Fwp%2Fv2%2Fcategories&post=29239"},{"taxonomy":"post_tag","embeddable":true,"href":"http:\/\/www.lanuevaopcion.cl\/index.php?rest_route=%2Fwp%2Fv2%2Ftags&post=29239"}],"curies":[{"name":"wp","href":"https:\/\/api.w.org\/{rel}","templated":true}]}}