{"id":29237,"date":"2025-03-31T09:55:50","date_gmt":"2025-03-31T09:55:50","guid":{"rendered":"http:\/\/www.lanuevaopcion.cl\/?p=29237"},"modified":"2025-03-31T09:55:50","modified_gmt":"2025-03-31T09:55:50","slug":"%e2%80%9cno-merecen-ni-un-poquito-de-respeto%e2%80%9d-la-dura-critica-de-eduardo-artes-al-gobierno-de-boric","status":"publish","type":"post","link":"http:\/\/www.lanuevaopcion.cl\/?p=29237","title":{"rendered":"\u201cNo merecen ni un poquito de respeto\u201d: la dura cr\u00edtica de Eduardo Art\u00e9s al Gobierno de Boric"},"content":{"rendered":"<p><img loading=\"lazy\" decoding=\"async\"  alt=\"\" src=\"https:\/\/www.lacuarta.com\/resizer\/v2\/X2X2OKC6XRAC5MXK4ZBIJUDHSI.jpg?quality=75&#038;smart=true&#038;auth=66c45c0d39e36cf68f51791577c4cd07d19d321176216f35cb1a5a8442251ef0&#038;width=360&#038;height=180\" class=\"alignleft\" width=\"360\" height=\"180\" \/ class=\"alignleft\" style=\"margin-right:15px;margin-bottom:10px;float:left;\" ><br \/>\nYa comenz\u00f3 la carrera por la presidencia, y si bien a\u00fan no han iniciado las campa\u00f1as como tal, ya hay varios rostros que se postulan, entre ellos Eduardo Art\u00e9s. El profesor busca nuevamente llegar a la papeleta del pr\u00f3ximo 16 de noviembre, en lo que ser\u00eda su tercera candidatura presidencial.<\/p>\n<p>En conversaci\u00f3n con Biob\u00edo.cl, el aspirante a La Moneda asegur\u00f3 que su motivaci\u00f3n para postularse es \u201cpara reconstruir la izquierda porque lo que est\u00e1 en el gobierno no es izquierda\u201d, se\u00f1al\u00f3, apuntando en contra del gobierno del presidente Gabriel Boric.<br \/>\n<!--more--><br \/>\n\u201cNo puede ser de izquierda quien no favorece a los trabajadores ni a los pueblos originarios, incluso ni siquiera la soberan\u00eda nacional y que es aliado del imperialismo norteamericano en todos los frentes. Frente a Nicaragua, a Venezuela, se abraza con (Volod\u00edmir) Zelenski; quien tiene esa actitud no es de izquierda. La izquierda tiene como ADN el anti-imperialismo, la soberan\u00eda, la independencia del pa\u00eds, la recuperaci\u00f3n de los recursos naturales\u201d, se\u00f1al\u00f3.<\/p>\n<p>\u201cUn gran mentiroso\u201d<br \/>\nEntre las propuestas que plantea Art\u00e9s para su programa de gobierno se\u00f1ala refundar las fuerzas armadas para que tengan otro rol en la sociedad, y aprovech\u00f3 de referirse a una de las banderas de lucha de Boric, quien apuntaba a \u201crefundar Carabineros\u201d en su campa\u00f1a.<\/p>\n<p>\u201cEste Presidente Boric, que ofreci\u00f3 tantas cosas demag\u00f3gicamente como un gran mentiroso, ofreci\u00f3 refundar Carabineros; y hoy d\u00eda dice que la instituci\u00f3n m\u00e1s maravillosa del mundo, que hay que cuidarla como la ni\u00f1a de los ojos, es Carabineros. Esto sin haberle hecho ning\u00fan solo cambio, solamente la ha dotado de mayor elementos represivos. Bueno, ese es un elemento claro que demuestra el doble car\u00e1cter y la falsedad de este gobierno\u201d, lanz\u00f3 el aspirante a la presidencia.<\/p>\n<p>Al momento de evaluar la administraci\u00f3n actual, con su criterio de profesor se\u00f1al\u00f3: \u201cno merece ninguna nota porque no existe la nota debajo del cero\u201d.<\/p>\n<p>\u201cAs\u00ed de cr\u00edtico, porque a quienes enga\u00f1an, a quienes estafan, a quienes se r\u00eden de las aspiraciones de la gente, a quienes ofrecieron parar las AFP y las isapres, el TPP-11 (\u2026) quienes nos ofrecieron un mont\u00f3n de cosas y al final hacen todo lo contrario, no merecen ni siquiera un poquito de respeto, sino que todo el desprecio y ese desprecio significa que no existe nota tan baja para poder calificar este gobierno\u201d, cerr\u00f3 Eduardo Art\u00e9s.<br \/>\nhttps:\/\/www.lacuarta.com\/chile\/noticia\/no-merecen-ni-un-poquito-de-respeto-la-dura-critica-de-eduardo-artes-al-gobierno-de-boric\/#<br \/>\nFUENTE, LA CUARTA.COM<br \/>\nMEDIO DE DIFUSION , SIN FIN DE LUCRO ALGUNO<\/p>\n","protected":false},"excerpt":{"rendered":"<p>Ya comenz\u00f3 la carrera por la presidencia, y si bien a\u00fan no han iniciado las campa\u00f1as como tal, ya hay varios rostros que se postulan, entre ellos Eduardo Art\u00e9s. El profesor busca nuevamente llegar a la papeleta del pr\u00f3ximo 16 de noviembre, en lo que ser\u00eda su tercera candidatura presidencial. En conversaci\u00f3n con Biob\u00edo.cl, el [&hellip;]<\/p>\n","protected":false},"author":51,"featured_media":0,"comment_status":"open","ping_status":"open","sticky":false,"template":"","format":"standard","meta":{"footnotes":""},"categories":[8,4,5,16,1,11],"tags":[205,93],"class_list":["post-29237","post","type-post","status-publish","format-standard","hentry","category-cultura","category-economia","category-internacional","category-nacional","category-uncategorized","category-tendencias","tag-chile","tag-pais"],"_links":{"self":[{"href":"http:\/\/www.lanuevaopcion.cl\/index.php?rest_route=\/wp\/v2\/posts\/29237","targetHints":{"allow":["GET"]}}],"collection":[{"href":"http:\/\/www.lanuevaopcion.cl\/index.php?rest_route=\/wp\/v2\/posts"}],"about":[{"href":"http:\/\/www.lanuevaopcion.cl\/index.php?rest_route=\/wp\/v2\/types\/post"}],"author":[{"embeddable":true,"href":"http:\/\/www.lanuevaopcion.cl\/index.php?rest_route=\/wp\/v2\/users\/51"}],"replies":[{"embeddable":true,"href":"http:\/\/www.lanuevaopcion.cl\/index.php?rest_route=%2Fwp%2Fv2%2Fcomments&post=29237"}],"version-history":[{"count":1,"href":"http:\/\/www.lanuevaopcion.cl\/index.php?rest_route=\/wp\/v2\/posts\/29237\/revisions"}],"predecessor-version":[{"id":29238,"href":"http:\/\/www.lanuevaopcion.cl\/index.php?rest_route=\/wp\/v2\/posts\/29237\/revisions\/29238"}],"wp:attachment":[{"href":"http:\/\/www.lanuevaopcion.cl\/index.php?rest_route=%2Fwp%2Fv2%2Fmedia&parent=29237"}],"wp:term":[{"taxonomy":"category","embeddable":true,"href":"http:\/\/www.lanuevaopcion.cl\/index.php?rest_route=%2Fwp%2Fv2%2Fcategories&post=29237"},{"taxonomy":"post_tag","embeddable":true,"href":"http:\/\/www.lanuevaopcion.cl\/index.php?rest_route=%2Fwp%2Fv2%2Ftags&post=29237"}],"curies":[{"name":"wp","href":"https:\/\/api.w.org\/{rel}","templated":true}]}}