{"id":29225,"date":"2025-03-26T19:33:30","date_gmt":"2025-03-26T19:33:30","guid":{"rendered":"http:\/\/www.lanuevaopcion.cl\/?p=29225"},"modified":"2025-08-20T21:23:44","modified_gmt":"2025-08-20T21:23:44","slug":"el-acaparador-de-dominios-presidenciales-lo-hizo-otra-vez-espero-poder-mover-la-aguja-electoral-reuniendome-con-los-nuevos-jugadores-del-proceso-explica-carlos-pontigo","status":"publish","type":"post","link":"http:\/\/www.lanuevaopcion.cl\/?p=29225","title":{"rendered":"El acaparador de dominios presidenciales lo hizo otra vez: Espero poder mover la aguja electoral reuni\u00e9ndome con los nuevos jugadores del proceso explica Carlos Pontigo"},"content":{"rendered":"<p><img loading=\"lazy\" decoding=\"async\"  alt=\"\" src=\"https:\/\/www.lanuevaopcion.cl\/adv\/t_j.JPG\" class=\"alignleft\" width=\"400\" height=\"266\" \/ class=\"alignleft\" style=\"margin-right:15px;margin-bottom:10px;float:left;\" ><\/p>\n<p>Por Oscar Barrera<\/p>\n<p>El propietario de los dominios web de Jos\u00e9 Antonio Kast, Johannes Kaiser, Evelyn Matthei, Rodolfo Carter (muy probable que vaya como independiente), y por los palos la Sanadora Ximena Rinc\u00f3n. entre otros cuenta con una agenda propia basada en la seguridad ciudadana, el apoyo en primer lugar a los t\u00e9cnicos jur\u00eddicos y afines, todos aquellos a afines como t\u00e9cnicos de chile adem\u00e1s la microempresa, las pymes y el resurgimiento de la vida comercial en el centro de Santiago y por cierto del norte y el sur de Chile.<\/p>\n<p>Carlos Pontigo, empresario Pyme, T\u00e9cnico Jur\u00eddico, Licenciado en derecho, es un nombre conocido en el ecosistema electoral nacional. En la previa de cada proceso se adelanta a los posibles presidenciales apropi\u00e1ndose de los dominios de internet de diversas figuras para poder, en sus palabras, negociar una cita con los interesados y cederle la URL a cambio de un caf\u00e9. <\/p>\n<p>Adem\u00e1s como Presidente de la asociaci\u00f3n en conjunto con la secretaria Mar\u00eda Elba Ponce, Secretaria general de los t\u00e9cnicos jur\u00eddicos y afines de Chile, conforme a los estatutos se realiza el llamado oficial (citaci\u00f3n) para el d\u00eda 22 de abril 2025 a los socios y simpatizantes por ley,  para la asamblea ordinaria de la elecci\u00f3n del nuevo director de la Asociaci\u00f3n de los  t\u00e9cnicos jur\u00eddicos y afines de Chile, periodo (2025-2028), por este medio legal,  mas mail pers\u00f3nales , RRSS, tel\u00e9fonos y todas las plataformas para que el d\u00eda ya se\u00f1alado primer llamado 14:30 hrs. segundo llamado fatal  15:00 hrs mismo d\u00eda en las dependencias de los espacios proporcionados por vice-presidenta en sus salas de reuniones de la Vice-presidenta Sra. Angela Gonz\u00e1les Contreras ) monjitas 747 oficina de reuniones, metro bellas artes,   adem\u00e1s estar conectados  mayoritariamente a trav\u00e9s  de zoom: por tanto  c\u00famplase con los estatutos, llevado a cabo. Esperando la mayor participaci\u00f3n, y por favor excusarse si no es posible asistir, cumple con la ley de convocatoria.!!<br \/>\n<!--more--><br \/>\nSiguiendo con los espacios,  en el que dice \u00e9l muestra sus cartas y expectativas para el gobierno de quien quiera aceptar esta inusual estrategia de lobby.<br \/>\nA la fecha se ha reunido con varios caciques, samur\u00e1is y precandidatos para intercambiar ideas, propuestas y dominios de internet. Pontigo, transparenta sus intenciones desde el inicio: Con esta jugada no busco dinero, un puesto de poder, entorpecer la carrera pol\u00edtica de nadie o lucrar de alg\u00fan modo. Como comerciante del centro de Santiago tengo muchas quejas y observaciones que compartir con quien las crea pertinentes. Desde la inseguridad que se vive a diario, el maltrato hist\u00f3rico que sufrimos los peque\u00f1os y medianos empresarios y la orfandad en que vivimos quienes no militamos en los partidos pol\u00edticos. Si para esperar una audiencia hay que hacer largas filas o cobrar favores, yo prefiero invitar un caf\u00e9 a quien quiera recupera un dominio de internet estrat\u00e9gico como excusa para conversar cara a cara; explica el acaparador de estos sitios de internet que se inscriben. Le llueven las amenazas de querellas por los nombres, Palop, aun no pasa nada se\u00f1ala el d\u00e9spota e inquisidor Pontigo\u2026cada dos a\u00f1os en NIC.cl<\/p>\n<p>Esta vez espera mostrar sus cartas para muestra sus fichas para las presidenciales y aumenta la apuesta contando por qu\u00e9 cree que el controvertido Jos\u00e9 Antonio Kast ser\u00eda, en conjunto con el triunfador en las \u00faltimas encuestas Johannes Kaiser pasar\u00edan a segunda vuelta. Por otro lado, tambi\u00e9n inscribi\u00f3 los sitios web de Ximena Rinc\u00f3n que va por una vereda del centro joven t\u00e9cnico y nuevo partido como lo es Dem\u00f3cratas.<\/p>\n<p>As\u00ed ha sido los \u00faltimos 15 a\u00f1os en que este autodenominado sucesor de Pepe Auth, ha acertado una no despreciable cantidad de veces en los resultados de autoridades como Joaqu\u00edn Lav\u00edn y en las trifectas de Michelle Bachelet, Laurence Golborne, Andr\u00e9s Allamand, Pablo Longueira y Evelyn Matthei con varios meses de antelaci\u00f3n a cualquier acuerdo de tienda.<br \/>\n\u201cNunca he escondido mi intenci\u00f3n de ceder cada dominio a cambio de un caf\u00e9 con el interesado\u201d, dice sobre esta pr\u00e1ctica en el l\u00edmite del lobby m\u00e1s agresivo. \u201cLa idea es poder forzar una reuni\u00f3n donde plantearle a quien quiera escucharme mis inquietudes de empresario, t\u00e9cnico, l\u00edder del sindical y votante\u201d, agrega. Precisamente, como presidente de la Agrupaci\u00f3n de T\u00e9cnicos Jur\u00eddicos, y afines de Chile, Pontigo ha publicado una serie de libros en los que critica viejas pr\u00e1cticas pol\u00edticas relativas al mundo del trabajo, el tr\u00e1fico de influencias y observaciones a leyes puntuales. El m\u00e1s reciente es una cr\u00edtica a la corrupci\u00f3n pol\u00edtica titulado \u201cPrometo Robar (pero menos)\u201d, obra de distribuci\u00f3n gratuita y libre descarga en la web www.carlospontigo.cl<br \/>\n\u201cMi idea no es especular con estos dominios. Eso es algo que siempre he dejado en claro. S\u00f3lo quiero desordenar un poco el naipe en un pa\u00eds donde falta orden y disciplina pol\u00edtica. Bajo esa premisa y nivel de entrop\u00eda, puedo anticipar que el balotaje final ser\u00e1 entre Jos\u00e9 Antonio Kast y Johannes Kaiser. El resto depender\u00e1 de cu\u00e1n disciplinadamente se ordenen los dem\u00e1s partidos \u201c. Su metodolog\u00eda, asegura, es una mezcla de cautelosa estad\u00edstica y sentido com\u00fan. Un olfato que le ha faltado a los analistas pol\u00edticos actuales quienes carecen de un insumo capital,(y tendencias propias)  dice: \u201cYo tengo m\u00e1s calle. Estoy m\u00e1s en contacto con el chileno de caf\u00e9 con piernas, con el joven que busca pega y los clientes de los negocios, que apenas llegan a fin de mes. Mi mag\u00edster en ciencia pol\u00edtica, lo curs\u00e9 en la Universidad de la vida\u201d, dice po\u00e9tico.<\/p>\n<p>Contin\u00faa con su pron\u00f3stico. \u201cSi estuvi\u00e9ramos en un pa\u00eds que sigue las normas de una tradici\u00f3n pol\u00edtica nos bastar\u00eda con una sola elecci\u00f3n y la cosa se definir\u00eda con un elector informado y participativo a la antigua, con m\u00e1rgenes de libertad y de saber informarse. Sin balotajes, pero como los caciques de la pol\u00edtica chilena se lo pasan m\u00e1s reparti\u00e9ndose la torta tratando de acordar treguas, en lugar de trabajar con las mangas arriba, es la pol\u00edtica peque\u00f1a la que predomina. Ese ratoneo es el que empuja candidaturas de personalidades claras, voluntariosas &#8211; quiz\u00e1s no las mejores- y de colores que se acomodan de acuerdo a la ocasi\u00f3n \u201c. Controvertido y todo, Kast, por ejemplo, se ha apropiado de un discurso que es demasiado frontal para la izquierda y la derecha, pero que es cotidiano para la gente que pasa cuatro horas al d\u00eda a bordo del transporte p\u00fablico o haciendo vigilias fuera de las escuelas para obtener una matr\u00edcula para sus hijos\u201d, advierte.<\/p>\n<p>Del otro lado, asegura, la pelea por la representaci\u00f3n del centro izquierda comunista \u201cno ser\u00e1 posible y si la hay ser\u00e1 anulada\u201d. Eso por ello en cuanto al valor que posee el equipo de Ximena Rinc\u00f3n y sus colaboradores pueda quiz\u00e1s tratar de instalar m\u00e1s experiencia que carisma, pero con una cuota de energ\u00eda que hoy falta para atender necesidades olvidadas. Para un electorado conformado por j\u00f3venes t\u00e9cnicos y j\u00f3venes adultos t\u00e9cnicos en general, para apoyar al pa\u00eds, y sacarlo adelante. La cercan\u00eda generacional es importante. Lo importante es que para ser un buen candidato hoy se debe intercalar entre la gente con mensajes claros y directos. Los tiempos de la demagogia ya pasaron: los mat\u00f3 la actual generaci\u00f3n pol\u00edtica\u201d.<\/p>\n<p>Quiz\u00e1s suenen nombres jur\u00e1sicos y sin rumbo como el de Jos\u00e9 Miguel Insulza, cree, pero son los votantes j\u00f3venes los que legitimar\u00e1n las figuras de la papeleta. Pontigo, eval\u00faa que, en ese sentido, nadie mayor de 60 a\u00f1os podr\u00eda representar inquietudes m\u00e1s cercanas a este ciudadano global. \u201cSuelo decir en broma que, si ponen Wifi en los centros de votaci\u00f3n, quiz\u00e1s veamos a j\u00f3venes de 19 a 35 a\u00f1os en las urnas. J\u00f3venes sin representaci\u00f3n en bancada alguna haciendo eco de la decepci\u00f3n de sus padres y de las revoluciones estudiantiles que llevaron a sus l\u00edderes al Congreso para votar en contra de muchos de los ideales de entonces. M\u00e1s de lo mismo, dir\u00e1n muchos. Y eso ser\u00e1 un voto de repudio muy distinto a las grandes abstenciones m\u00e1s recientes\u201d, promete Pontigo.<br \/>\nFUENTE. LANUEVAOPCION.CL<br \/>\nMEDIO DE DIFUSION , SIN FIN DE LUCRO ALGUNO <\/p>\n","protected":false},"excerpt":{"rendered":"<p>Por Oscar Barrera El propietario de los dominios web de Jos\u00e9 Antonio Kast, Johannes Kaiser, Evelyn Matthei, Rodolfo Carter (muy probable que vaya como independiente), y por los palos la Sanadora Ximena Rinc\u00f3n. entre otros cuenta con una agenda propia basada en la seguridad ciudadana, el apoyo en primer lugar a los t\u00e9cnicos jur\u00eddicos y [&hellip;]<\/p>\n","protected":false},"author":51,"featured_media":0,"comment_status":"open","ping_status":"open","sticky":false,"template":"","format":"standard","meta":{"footnotes":""},"categories":[8,4,9,5,16,30,1,31,11],"tags":[1490,1554,447,1555,1556],"class_list":["post-29225","post","type-post","status-publish","format-standard","hentry","category-cultura","category-economia","category-educacion","category-internacional","category-nacional","category-policial","category-uncategorized","category-salud","category-tendencias","tag-carlos-pontigo","tag-directiva-2025-2028","tag-el-pyme-de-chile","tag-new-proyecto-de-ley","tag-tecnicos-todos-en-chile"],"_links":{"self":[{"href":"http:\/\/www.lanuevaopcion.cl\/index.php?rest_route=\/wp\/v2\/posts\/29225","targetHints":{"allow":["GET"]}}],"collection":[{"href":"http:\/\/www.lanuevaopcion.cl\/index.php?rest_route=\/wp\/v2\/posts"}],"about":[{"href":"http:\/\/www.lanuevaopcion.cl\/index.php?rest_route=\/wp\/v2\/types\/post"}],"author":[{"embeddable":true,"href":"http:\/\/www.lanuevaopcion.cl\/index.php?rest_route=\/wp\/v2\/users\/51"}],"replies":[{"embeddable":true,"href":"http:\/\/www.lanuevaopcion.cl\/index.php?rest_route=%2Fwp%2Fv2%2Fcomments&post=29225"}],"version-history":[{"count":8,"href":"http:\/\/www.lanuevaopcion.cl\/index.php?rest_route=\/wp\/v2\/posts\/29225\/revisions"}],"predecessor-version":[{"id":29227,"href":"http:\/\/www.lanuevaopcion.cl\/index.php?rest_route=\/wp\/v2\/posts\/29225\/revisions\/29227"}],"wp:attachment":[{"href":"http:\/\/www.lanuevaopcion.cl\/index.php?rest_route=%2Fwp%2Fv2%2Fmedia&parent=29225"}],"wp:term":[{"taxonomy":"category","embeddable":true,"href":"http:\/\/www.lanuevaopcion.cl\/index.php?rest_route=%2Fwp%2Fv2%2Fcategories&post=29225"},{"taxonomy":"post_tag","embeddable":true,"href":"http:\/\/www.lanuevaopcion.cl\/index.php?rest_route=%2Fwp%2Fv2%2Ftags&post=29225"}],"curies":[{"name":"wp","href":"https:\/\/api.w.org\/{rel}","templated":true}]}}