{"id":29223,"date":"2025-03-26T11:50:47","date_gmt":"2025-03-26T11:50:47","guid":{"rendered":"http:\/\/www.lanuevaopcion.cl\/?p=29223"},"modified":"2025-03-26T11:50:47","modified_gmt":"2025-03-26T11:50:47","slug":"%e2%80%9c%c2%a1en-que-planeta-presidente%e2%80%9c-asado-de-boric-con-la-banda-tool-saco-ronchas-en-la-oposicion","status":"publish","type":"post","link":"http:\/\/www.lanuevaopcion.cl\/?p=29223","title":{"rendered":"\u201c\u00a1En qu\u00e9 planeta, Presidente!\u201c: Asado de Boric con la banda Tool sac\u00f3 ronchas en la oposici\u00f3n"},"content":{"rendered":"<p><img loading=\"lazy\" decoding=\"async\"  alt=\"\" src=\"https:\/\/www.lacuarta.com\/resizer\/v2\/U2C63RDPXBE7LJQCLALWQYOV6A.jpg?quality=75&#038;smart=true&#038;auth=7413ee166ae38383a43d2b4ad60290fd9cf85cf0f319dea03893a73b3eb715e9&#038;width=360&#038;height=180\" class=\"alignleft\" width=\"360\" height=\"180\" \/ class=\"alignleft\" style=\"margin-right:15px;margin-bottom:10px;float:left;\" ><br \/>\nFuria reaccionaron personeros de la oposici\u00f3n al enterarse que el Presidente Gabriel Boric comparti\u00f3 un asado con una de sus bandas de rock favoritas, Tool, aprovechando su visita a Chile.<\/p>\n<p>Seg\u00fan Culto, el Presidente y el conjunto, del cual es un reconocido fan\u00e1tico, se reunieron la noche del lunes 24, luego que el gobernante arribara a la capital desde Magallanes.<br \/>\n<!--more--><!--more--><br \/>\nSe juntaron en el domicilio de \u201cun destacado productor\u201d emparentado con \u201cla compa\u00f1\u00eda Lotus, organizadores de Lollapalooza\u201d, el cual los recibi\u00f3 con un asado.<\/p>\n<p>Schalper arremete contra Boric por cita con Tool<br \/>\nLa cita no cay\u00f3 nada bien en la oposici\u00f3n. El diputado Diego Schalper (RN) sali\u00f3 a reprender al Jefe de Estado por hacerlo justo cuando hay incendios forestales en el sur. \u201cSe permiti\u00f3 ir a comerse un asado con una banda extranjera de un festival de m\u00fasica. \u00bfEn qu\u00e9 planeta, presidente? \u00bfEn qu\u00e9 planeta?\u201c, descarg\u00f3.<\/p>\n<p>\u201cMientras hay gente sufriendo en la macrozona sur, usted se siente con la posibilidad de estar en algo distinto a estar en La Moneda monitoreando lo que est\u00e1 pasando con gente que est\u00e1 sufriendo. Qu\u00e9 nivel de indolencia y de sinverg\u00fcenzura implica una decisi\u00f3n como esa\u201d, desahog\u00f3. \u201cPresidente, lo que ha hecho es extremadamente grave y lo que ha trascendido es extremadamente grave\u201d, recalc\u00f3.<\/p>\n<p>Otro que salt\u00f3 fue el vicepresidente de Dem\u00f3cratas, Gabriel Alemparte, quien rega\u00f1\u00f3 en redes sociales: \u201cMientras el sur de Chile se incendiaba, el Presidente gozaba de un asado con Tool que ven\u00eda de Lolapalooza. El nivel de frivolidad y lenidad es total\u201d.<br \/>\nhttps:\/\/www.lacuarta.com\/chile\/noticia\/en-que-planeta-presidente-asado-de-boric-con-la-banda-tool-saco-ronchas-en-la-oposicion\/#<br \/>\nFUENTE. LA CUARTA.COM<br \/>\nMEDIO DE DIFUSION, SIN FIN DE LUCRO ALGUNO <\/p>\n","protected":false},"excerpt":{"rendered":"<p>Furia reaccionaron personeros de la oposici\u00f3n al enterarse que el Presidente Gabriel Boric comparti\u00f3 un asado con una de sus bandas de rock favoritas, Tool, aprovechando su visita a Chile. Seg\u00fan Culto, el Presidente y el conjunto, del cual es un reconocido fan\u00e1tico, se reunieron la noche del lunes 24, luego que el gobernante arribara [&hellip;]<\/p>\n","protected":false},"author":51,"featured_media":0,"comment_status":"open","ping_status":"open","sticky":false,"template":"","format":"standard","meta":{"footnotes":""},"categories":[8,9,5,16,1],"tags":[205,93,878],"class_list":["post-29223","post","type-post","status-publish","format-standard","hentry","category-cultura","category-educacion","category-internacional","category-nacional","category-uncategorized","tag-chile","tag-pais","tag-presidente-boric"],"_links":{"self":[{"href":"http:\/\/www.lanuevaopcion.cl\/index.php?rest_route=\/wp\/v2\/posts\/29223","targetHints":{"allow":["GET"]}}],"collection":[{"href":"http:\/\/www.lanuevaopcion.cl\/index.php?rest_route=\/wp\/v2\/posts"}],"about":[{"href":"http:\/\/www.lanuevaopcion.cl\/index.php?rest_route=\/wp\/v2\/types\/post"}],"author":[{"embeddable":true,"href":"http:\/\/www.lanuevaopcion.cl\/index.php?rest_route=\/wp\/v2\/users\/51"}],"replies":[{"embeddable":true,"href":"http:\/\/www.lanuevaopcion.cl\/index.php?rest_route=%2Fwp%2Fv2%2Fcomments&post=29223"}],"version-history":[{"count":1,"href":"http:\/\/www.lanuevaopcion.cl\/index.php?rest_route=\/wp\/v2\/posts\/29223\/revisions"}],"predecessor-version":[{"id":29224,"href":"http:\/\/www.lanuevaopcion.cl\/index.php?rest_route=\/wp\/v2\/posts\/29223\/revisions\/29224"}],"wp:attachment":[{"href":"http:\/\/www.lanuevaopcion.cl\/index.php?rest_route=%2Fwp%2Fv2%2Fmedia&parent=29223"}],"wp:term":[{"taxonomy":"category","embeddable":true,"href":"http:\/\/www.lanuevaopcion.cl\/index.php?rest_route=%2Fwp%2Fv2%2Fcategories&post=29223"},{"taxonomy":"post_tag","embeddable":true,"href":"http:\/\/www.lanuevaopcion.cl\/index.php?rest_route=%2Fwp%2Fv2%2Ftags&post=29223"}],"curies":[{"name":"wp","href":"https:\/\/api.w.org\/{rel}","templated":true}]}}