{"id":29216,"date":"2025-03-24T14:07:51","date_gmt":"2025-03-24T14:07:51","guid":{"rendered":"http:\/\/www.lanuevaopcion.cl\/?p=29216"},"modified":"2025-03-24T14:07:51","modified_gmt":"2025-03-24T14:07:51","slug":"revelan-que-jorge-valdivia-y-maite-orsini-retomaron-su-relacion-y-que-daniela-aranguiz-ya-lo-sabe-la-decision-que-tomaria-el-mago","status":"publish","type":"post","link":"http:\/\/www.lanuevaopcion.cl\/?p=29216","title":{"rendered":"Revelan que Jorge Valdivia y Maite Orsini retomaron su relaci\u00f3n y que Daniela Ar\u00e1nguiz ya lo sabe: la decisi\u00f3n que tomar\u00eda el Mago"},"content":{"rendered":"<p><img loading=\"lazy\" decoding=\"async\"  alt=\"\" src=\"https:\/\/www.lacuarta.com\/resizer\/v2\/BAO3V5GB2BFFPCLCLB2QW572VE.jpg?quality=75&#038;smart=true&#038;auth=3952a43032bb266da3d8697cbf2c33a454ec57fd55cda7078fd987a04545cadb&#038;width=360&#038;height=180\" class=\"alignleft\" width=\"360\" height=\"180\" \/ class=\"alignleft\" style=\"margin-right:15px;margin-bottom:10px;float:left;\" ><br \/>\nLo que parec\u00eda imposible hace algunos meses, ahora se volvi\u00f3 una realidad. Cecilia Guti\u00e9rrez dio el gran golpe este domingo en Primer Plano y revel\u00f3 que Jorge Valdivia y Maite Orsini retomaron su relaci\u00f3n amorosa.<\/p>\n<p>Luego del abrupto quiebre que tuvieron a fines de octubre, y las posteriores acusaciones de violaci\u00f3n en contra del Mago -hoy cumple la cautelar de arresto domiciliario nocturno en la casa de su ex, Daniela Ar\u00e1nguiz-, en las \u00faltimas semanas la pareja decidi\u00f3 darse una nueva oportunidad.<br \/>\n<!--more--><br \/>\nIncluso, la periodista afirm\u00f3 que las familias de ambos, incluida la propia Daniela, ya sabr\u00edan de sus nuevas andanzas, cuesti\u00f3n que no fue vista con buenos ojos por nadie.<\/p>\n<p>\u201cEste 23 de marzo, puedo confirmar que Jorge Valdivia y Maite Orsini volvieron, retomaron su relaci\u00f3n\u201d, expuso la panelista del espacio farandulero, quien impact\u00f3 con la noticia a todos en el estudio.<\/p>\n<p>Y en esa misma l\u00ednea, agreg\u00f3: \u201dte puedo dar como ejemplo que el 26 de febrero pasado fueron vistos comiendo juntos. El entorno de ambos lo sabe, lo que no ha sido bien recibido en ninguna de las dos familias. Ella ha tenido problemas con su mam\u00e1 por aquello\u00bb.<\/p>\n<p>La decisi\u00f3n que tomar\u00eda el Mago<br \/>\nAdem\u00e1s, asegur\u00f3 que Daniela Ar\u00e1nguiz tambi\u00e9n se enter\u00f3 de este remember de su ex esposo. \u201cTengo entendido que \u00e9l va a dejar la casa pr\u00f3ximamente, en abril. No sabemos d\u00f3nde va a fijar domicilio ahora, pero el plan de Maite de dejar la pol\u00edtica por amor, sigue en pie\u201d, relat\u00f3.<\/p>\n<p>En tanto, indic\u00f3 que \u201cen esta intensidad del reencuentro, pasan largas horas en videollamada\u201d.<\/p>\n<p>\u201cHace un par de semanas ella (Maite Orsini) hizo una junta con sus amigos en el departamento y \u00e9l (Jorge Valdivia) lleg\u00f3 a esa reuni\u00f3n. Tambi\u00e9n los vieron en Borde R\u00edo, en un restaurante\u201d, complement\u00f3.<\/p>\n<p>Por \u00faltimo, recalc\u00f3 que a la pareja \u201cvarias personas los han visto m\u00e1s de una vez. \u00c9l puede salir hasta las 10 de la noche\u201d.<br \/>\nhttps:\/\/www.lacuarta.com\/espectaculos\/noticia\/revelan-que-jorge-valdivia-y-maite-orsini-retomaron-su-relacion-y-que-daniela-aranguiz-ya-lo-sabe-la-decision-que-tomaria-el-mago\/#<br \/>\nFUENTE. LA CUARTA.COM<br \/>\nMEDIO DE DIFUSION, SIN FIN DE LUCRO ALGUNO<\/p>\n","protected":false},"excerpt":{"rendered":"<p>Lo que parec\u00eda imposible hace algunos meses, ahora se volvi\u00f3 una realidad. Cecilia Guti\u00e9rrez dio el gran golpe este domingo en Primer Plano y revel\u00f3 que Jorge Valdivia y Maite Orsini retomaron su relaci\u00f3n amorosa. Luego del abrupto quiebre que tuvieron a fines de octubre, y las posteriores acusaciones de violaci\u00f3n en contra del Mago [&hellip;]<\/p>\n","protected":false},"author":51,"featured_media":0,"comment_status":"open","ping_status":"open","sticky":false,"template":"","format":"standard","meta":{"footnotes":""},"categories":[8,9,5,16,1,31,11],"tags":[138],"class_list":["post-29216","post","type-post","status-publish","format-standard","hentry","category-cultura","category-educacion","category-internacional","category-nacional","category-uncategorized","category-salud","category-tendencias","tag-espectaculo"],"_links":{"self":[{"href":"http:\/\/www.lanuevaopcion.cl\/index.php?rest_route=\/wp\/v2\/posts\/29216","targetHints":{"allow":["GET"]}}],"collection":[{"href":"http:\/\/www.lanuevaopcion.cl\/index.php?rest_route=\/wp\/v2\/posts"}],"about":[{"href":"http:\/\/www.lanuevaopcion.cl\/index.php?rest_route=\/wp\/v2\/types\/post"}],"author":[{"embeddable":true,"href":"http:\/\/www.lanuevaopcion.cl\/index.php?rest_route=\/wp\/v2\/users\/51"}],"replies":[{"embeddable":true,"href":"http:\/\/www.lanuevaopcion.cl\/index.php?rest_route=%2Fwp%2Fv2%2Fcomments&post=29216"}],"version-history":[{"count":1,"href":"http:\/\/www.lanuevaopcion.cl\/index.php?rest_route=\/wp\/v2\/posts\/29216\/revisions"}],"predecessor-version":[{"id":29217,"href":"http:\/\/www.lanuevaopcion.cl\/index.php?rest_route=\/wp\/v2\/posts\/29216\/revisions\/29217"}],"wp:attachment":[{"href":"http:\/\/www.lanuevaopcion.cl\/index.php?rest_route=%2Fwp%2Fv2%2Fmedia&parent=29216"}],"wp:term":[{"taxonomy":"category","embeddable":true,"href":"http:\/\/www.lanuevaopcion.cl\/index.php?rest_route=%2Fwp%2Fv2%2Fcategories&post=29216"},{"taxonomy":"post_tag","embeddable":true,"href":"http:\/\/www.lanuevaopcion.cl\/index.php?rest_route=%2Fwp%2Fv2%2Ftags&post=29216"}],"curies":[{"name":"wp","href":"https:\/\/api.w.org\/{rel}","templated":true}]}}