{"id":29198,"date":"2025-03-14T11:06:37","date_gmt":"2025-03-14T11:06:37","guid":{"rendered":"http:\/\/www.lanuevaopcion.cl\/?p=29198"},"modified":"2025-03-14T11:06:37","modified_gmt":"2025-03-14T11:06:37","slug":"dice-que-perdio-dos-trabajos-porque-la-trato-de-%e2%80%9cenferma%e2%80%9d-denisse-campos-prepara-millonaria-demanda-contra-daniella","status":"publish","type":"post","link":"http:\/\/www.lanuevaopcion.cl\/?p=29198","title":{"rendered":"Dice que perdi\u00f3 dos trabajos porque la trat\u00f3 de \u201cenferma\u201d: Denisse Campos prepara millonaria demanda contra Daniella"},"content":{"rendered":"<p><img loading=\"lazy\" decoding=\"async\"  alt=\"\" src=\"https:\/\/www.lacuarta.com\/resizer\/v2\/PWB6TCPBKNGB5MM5ARPJH443K4.jpg?quality=75&#038;smart=true&#038;auth=0aa1f05502f64cb2dd9b03310238fc626f6bff89b9fb34e65914395a73102013&#038;width=360&#038;height=180\" class=\"alignleft\" width=\"360\" height=\"180\" \/ class=\"alignleft\" style=\"margin-right:15px;margin-bottom:10px;float:left;\" ><br \/>\nLa pol\u00e9mica ex modelo Denisse Campos se prepara para demandar por injurias en contra de su melliza Daniella, afirmando que perdi\u00f3 trabajos por los dichos que emiti\u00f3 en su contra.<\/p>\n<p>La informaci\u00f3n fue dada por la periodista Fany Mazuela en el programa Hay que Decirlo de Canal 13, que se contact\u00f3 con Denisse Campos, quien le dijo que el lunes presentar\u00e1n la demanda en un tribunal civil.<br \/>\n<!--more--><br \/>\n\u201cConvers\u00e9 con las dos, Denisse dice que su abogado est\u00e1 en Roma&#8230;.El lunes presenta esta querella contra su hermana por injurias y calumnias porque la trat\u00f3 de enferma\u201d, parti\u00f3 se\u00f1alando la panelista.<\/p>\n<p>La reportera indic\u00f3 que Denisse Campos cont\u00f3 que perdi\u00f3 dos trabajos por culpa de Daniella, acusando que la trat\u00f3 de enferma en televisi\u00f3n, por lo que pedir\u00e1 20 millones ante la justicia civil.<\/p>\n<p>\u201cDenisse dice que debido a esto perdi\u00f3 dos trabajos porque no la quisieron contratar porque supuestamente estaba enferma\u201d, coment\u00f3.<\/p>\n<p>PUBLICIDAD<\/p>\n<p>En tanto, Daniella Campos afirm\u00f3 responder\u00e1 en su programa de Zona Latina y que esperar\u00e1 que la demanda se concrete.<\/p>\n<p>\u201cDaniella dice que no va a acreditar esto hasta que ocurra, que ah\u00ed va a hablar reci\u00e9n y que ella en ning\u00fan caso la injuri\u00f3 ni le imput\u00f3 ning\u00fan delito. Eso dice Daniella. Que la trat\u00f3 de enferma, que s\u00ed le daba pena\u201d.<\/p>\n<p>Denisse hablar\u00e1 en estelar<br \/>\nAdem\u00e1s, se revel\u00f3 que Denisse hablar\u00e1 este viernes en el programa Only Fama de Mega, donde recibir\u00eda un pago de poco m\u00e1s de $1,5 millones.<\/p>\n<p>\u201cDenisse est\u00e1 transformada en una mercenaria. Lo \u00fanico que le interesa es el dinero. Lo digo porque comprometi\u00f3 su palabra para estar con nosotros esta tarde \u00bfY qu\u00e9 pas\u00f3? Minutos despu\u00e9s me dice que estar\u00e1 en Only Fama porque le pagan un mill\u00f3n y medio de pesos\u201d, cont\u00f3 la periodista.<br \/>\nhttps:\/\/www.lacuarta.com\/espectaculos\/noticia\/dice-que-perdio-dos-trabajos-porque-la-trato-de-enferma-denisse-campos-prepara-millonaria-demanda-contra-daniella\/<br \/>\nFUENTE. LA CUARTA.COM <\/p>\n","protected":false},"excerpt":{"rendered":"<p>La pol\u00e9mica ex modelo Denisse Campos se prepara para demandar por injurias en contra de su melliza Daniella, afirmando que perdi\u00f3 trabajos por los dichos que emiti\u00f3 en su contra. La informaci\u00f3n fue dada por la periodista Fany Mazuela en el programa Hay que Decirlo de Canal 13, que se contact\u00f3 con Denisse Campos, quien [&hellip;]<\/p>\n","protected":false},"author":51,"featured_media":0,"comment_status":"open","ping_status":"open","sticky":false,"template":"","format":"standard","meta":{"footnotes":""},"categories":[8,16,11],"tags":[138,116],"class_list":["post-29198","post","type-post","status-publish","format-standard","hentry","category-cultura","category-nacional","category-tendencias","tag-espectaculo","tag-tv"],"_links":{"self":[{"href":"http:\/\/www.lanuevaopcion.cl\/index.php?rest_route=\/wp\/v2\/posts\/29198","targetHints":{"allow":["GET"]}}],"collection":[{"href":"http:\/\/www.lanuevaopcion.cl\/index.php?rest_route=\/wp\/v2\/posts"}],"about":[{"href":"http:\/\/www.lanuevaopcion.cl\/index.php?rest_route=\/wp\/v2\/types\/post"}],"author":[{"embeddable":true,"href":"http:\/\/www.lanuevaopcion.cl\/index.php?rest_route=\/wp\/v2\/users\/51"}],"replies":[{"embeddable":true,"href":"http:\/\/www.lanuevaopcion.cl\/index.php?rest_route=%2Fwp%2Fv2%2Fcomments&post=29198"}],"version-history":[{"count":1,"href":"http:\/\/www.lanuevaopcion.cl\/index.php?rest_route=\/wp\/v2\/posts\/29198\/revisions"}],"predecessor-version":[{"id":29199,"href":"http:\/\/www.lanuevaopcion.cl\/index.php?rest_route=\/wp\/v2\/posts\/29198\/revisions\/29199"}],"wp:attachment":[{"href":"http:\/\/www.lanuevaopcion.cl\/index.php?rest_route=%2Fwp%2Fv2%2Fmedia&parent=29198"}],"wp:term":[{"taxonomy":"category","embeddable":true,"href":"http:\/\/www.lanuevaopcion.cl\/index.php?rest_route=%2Fwp%2Fv2%2Fcategories&post=29198"},{"taxonomy":"post_tag","embeddable":true,"href":"http:\/\/www.lanuevaopcion.cl\/index.php?rest_route=%2Fwp%2Fv2%2Ftags&post=29198"}],"curies":[{"name":"wp","href":"https:\/\/api.w.org\/{rel}","templated":true}]}}