{"id":29184,"date":"2025-03-07T09:00:05","date_gmt":"2025-03-07T09:00:05","guid":{"rendered":"http:\/\/www.lanuevaopcion.cl\/?p=29184"},"modified":"2025-03-07T09:00:05","modified_gmt":"2025-03-07T09:00:05","slug":"%e2%80%9clo-voy-a-decir-no-tengo-temor%e2%80%9d-diana-bolocco-apunta-contra-mega-y-desahoga-sentida-opinion-sobre-el-destino-de-neme","status":"publish","type":"post","link":"http:\/\/www.lanuevaopcion.cl\/?p=29184","title":{"rendered":"\u201cLo voy a decir, no tengo temor\u201d: Diana Bolocco apunta contra Mega y desahoga sentida opini\u00f3n sobre el destino de Neme"},"content":{"rendered":"<p><img loading=\"lazy\" decoding=\"async\"  alt=\"\" src=\"https:\/\/www.lacuarta.com\/resizer\/v2\/GNC4EDLZMVHIXCN6SWGHRZYPLI.jpg?quality=75&#038;smart=true&#038;auth=246f0162a408694d70063f5967f4881beeff883144b4d5a2e357116f1ae2f068&#038;width=360&#038;height=180\" class=\"alignleft\" width=\"360\" height=\"180\" \/ class=\"alignleft\" style=\"margin-right:15px;margin-bottom:10px;float:left;\" ><br \/>\nUn sincero descargo expres\u00f3 Diana Bolocco sobre la decisi\u00f3n de Mega de sacar a Jos\u00e9 Antonio Neme del matinal Mucho Gusto, para enviarlo al noticiero central y poner a Rodrigo Sep\u00falveda en su lugar.<\/p>\n<p>Diana fue compa\u00f1era de Neme en el matutino de Mega entre 2021 y 2022 y ahora, como conductora de Plan Perfecto en Chilevisi\u00f3n, quiso opinar con autoridad sobre el cambio que afect\u00f3 a su antiguo partner.<br \/>\n<!--more--><br \/>\nA su juicio, lo sacaron de \u201cun lugar donde est\u00e1 en su salsa y hace un muy buen trabajo. A mi me consta porque yo fui compa\u00f1era de \u00e9l durante mucho tiempo. Lamentablemente para Mega, a la gente parece que no le ha gustado mucho este cambio\u201d, parti\u00f3 expresando.<\/p>\n<p>powered by<br \/>\nPara la animadora, incluso es comparable con la pol\u00e9mica de la reina del Festival de Vi\u00f1a. \u201cQu\u00e9 lata todo lo que pas\u00f3. Es un poco lo que pas\u00f3 con la elecci\u00f3n de reina, donde una mala organizaci\u00f3n puso a dos personas como enfrentadas. Creo que Mega no previ\u00f3 que pod\u00eda pasar esto, porque al final est\u00e1n poniendo en tela de juicio a dos important\u00edsimos rostros\u201d, reflexion\u00f3.<\/p>\n<p>Neme CHV<br \/>\nPlan Perfecto (CHV)<br \/>\nEl mensaje de Diana Bolocco a Jos\u00e9 Antonio Neme<br \/>\nPara profundizar en el tema, en el programa abordaron a Neme en la calle para despejar dudas. En eso, Bolocco le comunic\u00f3 directamente su parecer y de paso, critic\u00f3 a Mega por tomar una \u201cmala decisi\u00f3n\u201d.<\/p>\n<p>\u201cTe quedaba mucho. Yo que trabaj\u00e9 contigo y te vi en acci\u00f3n, creo que a ti te queda como anillo al dedo ese programa. Entonces, y esta es una opini\u00f3n muy personal&#8230; Lo voy a decir, porque no tengo temor: creo que es una mala decisi\u00f3n que tom\u00f3 el canal Mega\u201d, descarg\u00f3 Diana.<\/p>\n<p>\u201cIndependiente que el noticiero central es una super vitrina y un programa importante para un canal, aunque sea de autor, creo que t\u00fa en el matinal eres bien fundamental\u201d, complement\u00f3.<br \/>\nhttps:\/\/www.lacuarta.com\/espectaculos\/noticia\/lo-voy-a-decir-no-tengo-temor-diana-bolocco-apunta-contra-mega-y-desahoga-sentida-opinion-sobre-el-destino-de-neme\/<br \/>\nFUENTE. LA CUARTA.COM<br \/>\nMEDIO DE DIFUSION , SIN FIN DE LUCRO ALGUNO <\/p>\n","protected":false},"excerpt":{"rendered":"<p>Un sincero descargo expres\u00f3 Diana Bolocco sobre la decisi\u00f3n de Mega de sacar a Jos\u00e9 Antonio Neme del matinal Mucho Gusto, para enviarlo al noticiero central y poner a Rodrigo Sep\u00falveda en su lugar. Diana fue compa\u00f1era de Neme en el matutino de Mega entre 2021 y 2022 y ahora, como conductora de Plan Perfecto [&hellip;]<\/p>\n","protected":false},"author":51,"featured_media":0,"comment_status":"open","ping_status":"open","sticky":false,"template":"","format":"standard","meta":{"footnotes":""},"categories":[8,9,5,16,30,11],"tags":[138,1478,116],"class_list":["post-29184","post","type-post","status-publish","format-standard","hentry","category-cultura","category-educacion","category-internacional","category-nacional","category-policial","category-tendencias","tag-espectaculo","tag-matinal-mega","tag-tv"],"_links":{"self":[{"href":"http:\/\/www.lanuevaopcion.cl\/index.php?rest_route=\/wp\/v2\/posts\/29184","targetHints":{"allow":["GET"]}}],"collection":[{"href":"http:\/\/www.lanuevaopcion.cl\/index.php?rest_route=\/wp\/v2\/posts"}],"about":[{"href":"http:\/\/www.lanuevaopcion.cl\/index.php?rest_route=\/wp\/v2\/types\/post"}],"author":[{"embeddable":true,"href":"http:\/\/www.lanuevaopcion.cl\/index.php?rest_route=\/wp\/v2\/users\/51"}],"replies":[{"embeddable":true,"href":"http:\/\/www.lanuevaopcion.cl\/index.php?rest_route=%2Fwp%2Fv2%2Fcomments&post=29184"}],"version-history":[{"count":1,"href":"http:\/\/www.lanuevaopcion.cl\/index.php?rest_route=\/wp\/v2\/posts\/29184\/revisions"}],"predecessor-version":[{"id":29185,"href":"http:\/\/www.lanuevaopcion.cl\/index.php?rest_route=\/wp\/v2\/posts\/29184\/revisions\/29185"}],"wp:attachment":[{"href":"http:\/\/www.lanuevaopcion.cl\/index.php?rest_route=%2Fwp%2Fv2%2Fmedia&parent=29184"}],"wp:term":[{"taxonomy":"category","embeddable":true,"href":"http:\/\/www.lanuevaopcion.cl\/index.php?rest_route=%2Fwp%2Fv2%2Fcategories&post=29184"},{"taxonomy":"post_tag","embeddable":true,"href":"http:\/\/www.lanuevaopcion.cl\/index.php?rest_route=%2Fwp%2Fv2%2Ftags&post=29184"}],"curies":[{"name":"wp","href":"https:\/\/api.w.org\/{rel}","templated":true}]}}