{"id":29103,"date":"2025-01-09T10:01:21","date_gmt":"2025-01-09T10:01:21","guid":{"rendered":"http:\/\/www.lanuevaopcion.cl\/?p=29103"},"modified":"2025-01-09T10:01:21","modified_gmt":"2025-01-09T10:01:21","slug":"%e2%80%9ccreciamos-y-nos-sobraba-la-plata%e2%80%9d-feroz-descargo-de-eduardo-frei-sobre-su-gobierno-y-el-actual-panorama","status":"publish","type":"post","link":"http:\/\/www.lanuevaopcion.cl\/?p=29103","title":{"rendered":"\u201cCrec\u00edamos y nos sobraba la plata\u201d: Feroz descargo de Eduardo Frei sobre su gobierno y el actual panorama"},"content":{"rendered":"<p><img loading=\"lazy\" decoding=\"async\"  alt=\"\" src=\"https:\/\/www.lacuarta.com\/resizer\/v2\/OBGH3N33SNEQNK2SOB55OHSE2M.jpg?quality=75&#038;smart=true&#038;auth=c5988fefad6420f8be215e6d2c7f7615ddae53a8304bf476fb8ec3bc64bb3b84&#038;width=360&#038;height=180\" class=\"alignleft\" width=\"360\" height=\"180\" \/ class=\"alignleft\" style=\"margin-right:15px;margin-bottom:10px;float:left;\" ><br \/>\nUna dura cr\u00edtica al actual manejo econ\u00f3mico del pa\u00eds expres\u00f3 el exPresidente Eduardo Frei Ruiz-Tagle, durante un comentado discurso en un seminario de Icare.<\/p>\n<p>El exmandatario, emblema de la Democracia Cristiana, cuestion\u00f3 las proyecciones de crecimiento de alrededor de 2% para los pr\u00f3ximos a\u00f1os y enrostr\u00f3 lo que ocurr\u00eda en su gobierno, tres d\u00e9cadas atr\u00e1s (1994-2000).<\/p>\n<p>\u201cEn mi gobierno (&#8230;) crec\u00edamos al 5%, al 6%, al 7% y nos sobraba la plata\u201d, manifest\u00f3 Frei en su intervenci\u00f3n, seg\u00fan recogi\u00f3 La Segunda.<br \/>\n<!--more--><br \/>\npowered by<br \/>\n\u201cNo ten\u00edamos que hacer reformas ni ninguna cosa rara\u201d, agreg\u00f3.<\/p>\n<p>El exjefe de Estado dijo declararse en rebeld\u00eda por el actual panorama econ\u00f3mico: \u201cCrecer al 1% o 2% es mediocre (&#8230;) Me rebelo profundamente, porque lo hemos hecho y este pa\u00eds lo puede hacer\u201d.<\/p>\n<p>Le preguntan por Chile en sus viajes<br \/>\nComent\u00f3, adem\u00e1s, que durante el a\u00f1o pasado viaj\u00f3 harto, \u201ccomo siempre\u201d, y despu\u00e9s de \u201clas \u00faltimas copas\u201d le preguntaban: \u201c\u00bfQu\u00e9 pasa en Chile? \u00bfQu\u00e9 pas\u00f3 en Chile? Y uno no haya qu\u00e9 explicar\u201d.<\/p>\n<p>Luego, areng\u00f3: \u201cNo m\u00e1s pymes pol\u00edticas. Lo digo aqu\u00ed. La reforma al sistema pol\u00edtico es indispensable. Todos hablan del tema, pero no se concreta nada. Alguien tiene que ponerse firme en alg\u00fan momento y decir si esto va o no. \u00bfCu\u00e1ntos proyectos importantes ha sacado este Gobierno? Se cuentan con los dedos de la mano\u201d, dispar\u00f3.<br \/>\nhttps:\/\/www.lacuarta.com\/chile\/noticia\/creciamos-y-nos-sobraba-la-plata-feroz-descargo-de-eduardo-frei-sobre-su-gobierno-y-el-actual-panorama\/PMHTCRTIQ5CX5GRYCNAIMGJ2M4\/<br \/>\nFUENTE. LA CUARTA.COM<br \/>\nMEDIO DE DIFUSION, SIN FIN DE LUCRO ALGUNO <\/p>\n","protected":false},"excerpt":{"rendered":"<p>Una dura cr\u00edtica al actual manejo econ\u00f3mico del pa\u00eds expres\u00f3 el exPresidente Eduardo Frei Ruiz-Tagle, durante un comentado discurso en un seminario de Icare. El exmandatario, emblema de la Democracia Cristiana, cuestion\u00f3 las proyecciones de crecimiento de alrededor de 2% para los pr\u00f3ximos a\u00f1os y enrostr\u00f3 lo que ocurr\u00eda en su gobierno, tres d\u00e9cadas atr\u00e1s [&hellip;]<\/p>\n","protected":false},"author":51,"featured_media":0,"comment_status":"open","ping_status":"open","sticky":false,"template":"","format":"standard","meta":{"footnotes":""},"categories":[9,5,16,1,31,11],"tags":[205,1448,93],"class_list":["post-29103","post","type-post","status-publish","format-standard","hentry","category-educacion","category-internacional","category-nacional","category-uncategorized","category-salud","category-tendencias","tag-chile","tag-eduardo-frei","tag-pais"],"_links":{"self":[{"href":"http:\/\/www.lanuevaopcion.cl\/index.php?rest_route=\/wp\/v2\/posts\/29103","targetHints":{"allow":["GET"]}}],"collection":[{"href":"http:\/\/www.lanuevaopcion.cl\/index.php?rest_route=\/wp\/v2\/posts"}],"about":[{"href":"http:\/\/www.lanuevaopcion.cl\/index.php?rest_route=\/wp\/v2\/types\/post"}],"author":[{"embeddable":true,"href":"http:\/\/www.lanuevaopcion.cl\/index.php?rest_route=\/wp\/v2\/users\/51"}],"replies":[{"embeddable":true,"href":"http:\/\/www.lanuevaopcion.cl\/index.php?rest_route=%2Fwp%2Fv2%2Fcomments&post=29103"}],"version-history":[{"count":1,"href":"http:\/\/www.lanuevaopcion.cl\/index.php?rest_route=\/wp\/v2\/posts\/29103\/revisions"}],"predecessor-version":[{"id":29104,"href":"http:\/\/www.lanuevaopcion.cl\/index.php?rest_route=\/wp\/v2\/posts\/29103\/revisions\/29104"}],"wp:attachment":[{"href":"http:\/\/www.lanuevaopcion.cl\/index.php?rest_route=%2Fwp%2Fv2%2Fmedia&parent=29103"}],"wp:term":[{"taxonomy":"category","embeddable":true,"href":"http:\/\/www.lanuevaopcion.cl\/index.php?rest_route=%2Fwp%2Fv2%2Fcategories&post=29103"},{"taxonomy":"post_tag","embeddable":true,"href":"http:\/\/www.lanuevaopcion.cl\/index.php?rest_route=%2Fwp%2Fv2%2Ftags&post=29103"}],"curies":[{"name":"wp","href":"https:\/\/api.w.org\/{rel}","templated":true}]}}