{"id":29101,"date":"2025-01-08T08:52:51","date_gmt":"2025-01-08T08:52:51","guid":{"rendered":"http:\/\/www.lanuevaopcion.cl\/?p=29101"},"modified":"2025-01-08T08:52:51","modified_gmt":"2025-01-08T08:52:51","slug":"momento-de-alta-tension-periodista-de-tvn-denuncia-insolita-reaccion-de-senador-insulza-en-pleno-congreso","status":"publish","type":"post","link":"http:\/\/www.lanuevaopcion.cl\/?p=29101","title":{"rendered":"Momento de alta tensi\u00f3n: Periodista de TVN denuncia ins\u00f3lita reacci\u00f3n de senador Insulza en pleno Congreso"},"content":{"rendered":"<p><img loading=\"lazy\" decoding=\"async\"  alt=\"\" src=\"https:\/\/www.lacuarta.com\/resizer\/v2\/FKY3ORER4JGOLEK6XR45XHKI7Q.jpg?quality=75&#038;smart=true&#038;auth=d9217431b13d263dfb161460533503526889e12d4365e6aa9a5b1c3b45e7edd0&#038;width=360&#038;height=180\" class=\"alignleft\" width=\"360\" height=\"180\" \/ class=\"alignleft\" style=\"margin-right:15px;margin-bottom:10px;float:left;\" ><br \/>\nUn tenso encontr\u00f3n protagoniz\u00f3 el senador Jos\u00e9 Miguel Insulza con los periodistas que informan desde el Congreso Nacional. Reportero de TVN denunci\u00f3 inesperada reacci\u00f3n del congresista.<\/p>\n<p>Todo parti\u00f3 cuando la senadora Isabel Allende, flanqueada de importantes figuras del Partido Socialista, cit\u00f3 a punto de prensa para defenderse del esc\u00e1ndalo por la fallida compra de la casa de su padre, Salvador Allende.<br \/>\n<!--more--><br \/>\nLa legisladora no quiso contestar preguntas y eso ya descolocaba a los periodistas, pues no es usual que eso ocurra en el Congreso.<\/p>\n<p>powered by<br \/>\nPero eso fue solo el inicio de una situaci\u00f3n que indign\u00f3 a los comunicadores, seg\u00fan acus\u00f3 el periodista de 24 Horas, Poirot Escovedo, que tambi\u00e9n es dirigente del gremio en el parlamento.<\/p>\n<p>La denuncia de periodistas contra senador Insulza<br \/>\nUna vez terminado el discurso de Allende, sorpresivamente el senador Jos\u00e9 Miguel Insulza se abalanz\u00f3 contra algunos periodistas para tomarlos de los brazos y as\u00ed evitar que se acercasen a su compa\u00f1era de bancada.<\/p>\n<p>\u201cSenador, no me empuje, si estamos haciendo nuestro trabajo\u201d, \u201csenador, no me agarre\u201d, se oye decir a Escovedo en el registro que grab\u00f3 la c\u00e1mara del noticiero.<\/p>\n<p>El periodista luego coment\u00f3 en pantalla lo ocurrido y anunci\u00f3 que presentar\u00e1n un reclamo. \u201cYo intent\u00e9 acercarme a la senadora y el senador Insulza se acerc\u00f3 a m\u00ed, me puso su mano en el cuerpo y me impidi\u00f3 acercarme a la senadora\u201d, relat\u00f3.<\/p>\n<p>Agreg\u00f3 que tambi\u00e9n hubo \u201cun altercado\u201d con parte del equipo de la senadora Allende. \u201cA mi se me tom\u00f3 la mano y se me impidi\u00f3 continuar con la intenci\u00f3n de hacerle las preguntas\u201d, afirm\u00f3.<\/p>\n<p>El conductor de 24 Horas, el periodista Andr\u00e9s Vial, apoy\u00f3 la denuncia de su colega: \u201cel senador no es guardia, claramente, no tiene funciones de seguridad en el Congreso\u201d, reclam\u00f3.<\/p>\n<p>Escovedo denunci\u00f3 que la actitud del senador les impidi\u00f3 ejercer su rol de \u201cfiscalizaci\u00f3n e informaci\u00f3n para la ciudadan\u00eda\u201d y que eval\u00faan enviar un reclamo formal a la bancada de senadores socialistas, con el fin de \u201cexpresar nuestra molestia por un comportamiento que a juicio nuestro afecta la libertad de expresi\u00f3n dentro del Congreso Nacional\u201d.<br \/>\nhttps:\/\/www.lacuarta.com\/chile\/noticia\/momento-de-alta-tension-periodista-de-tvn-denuncia-insolita-reaccion-de-senador-insulza-en-pleno-congreso\/43Q3GMDYNJFLHCX7TERMRZHN5A\/<br \/>\nFUENTE. LA CUARTA.COM<br \/>\nMEDIO DE DIFUSION, SIN FIN DE LUCRO ALGUNO <\/p>\n","protected":false},"excerpt":{"rendered":"<p>Un tenso encontr\u00f3n protagoniz\u00f3 el senador Jos\u00e9 Miguel Insulza con los periodistas que informan desde el Congreso Nacional. Reportero de TVN denunci\u00f3 inesperada reacci\u00f3n del congresista. Todo parti\u00f3 cuando la senadora Isabel Allende, flanqueada de importantes figuras del Partido Socialista, cit\u00f3 a punto de prensa para defenderse del esc\u00e1ndalo por la fallida compra de la [&hellip;]<\/p>\n","protected":false},"author":51,"featured_media":0,"comment_status":"open","ping_status":"open","sticky":false,"template":"","format":"standard","meta":{"footnotes":""},"categories":[8,9,5,16,1,11],"tags":[163,712],"class_list":["post-29101","post","type-post","status-publish","format-standard","hentry","category-cultura","category-educacion","category-internacional","category-nacional","category-uncategorized","category-tendencias","tag-congreso","tag-polemica"],"_links":{"self":[{"href":"http:\/\/www.lanuevaopcion.cl\/index.php?rest_route=\/wp\/v2\/posts\/29101","targetHints":{"allow":["GET"]}}],"collection":[{"href":"http:\/\/www.lanuevaopcion.cl\/index.php?rest_route=\/wp\/v2\/posts"}],"about":[{"href":"http:\/\/www.lanuevaopcion.cl\/index.php?rest_route=\/wp\/v2\/types\/post"}],"author":[{"embeddable":true,"href":"http:\/\/www.lanuevaopcion.cl\/index.php?rest_route=\/wp\/v2\/users\/51"}],"replies":[{"embeddable":true,"href":"http:\/\/www.lanuevaopcion.cl\/index.php?rest_route=%2Fwp%2Fv2%2Fcomments&post=29101"}],"version-history":[{"count":1,"href":"http:\/\/www.lanuevaopcion.cl\/index.php?rest_route=\/wp\/v2\/posts\/29101\/revisions"}],"predecessor-version":[{"id":29102,"href":"http:\/\/www.lanuevaopcion.cl\/index.php?rest_route=\/wp\/v2\/posts\/29101\/revisions\/29102"}],"wp:attachment":[{"href":"http:\/\/www.lanuevaopcion.cl\/index.php?rest_route=%2Fwp%2Fv2%2Fmedia&parent=29101"}],"wp:term":[{"taxonomy":"category","embeddable":true,"href":"http:\/\/www.lanuevaopcion.cl\/index.php?rest_route=%2Fwp%2Fv2%2Fcategories&post=29101"},{"taxonomy":"post_tag","embeddable":true,"href":"http:\/\/www.lanuevaopcion.cl\/index.php?rest_route=%2Fwp%2Fv2%2Ftags&post=29101"}],"curies":[{"name":"wp","href":"https:\/\/api.w.org\/{rel}","templated":true}]}}