{"id":2906,"date":"2009-07-02T09:32:47","date_gmt":"2009-07-02T12:32:47","guid":{"rendered":"http:\/\/www.lanuevaopcion.cl\/?p=2906"},"modified":"2009-07-02T09:32:47","modified_gmt":"2009-07-02T12:32:47","slug":"sin-apoyo-de-oficiales-comienza-paro-de-gendarmeria","status":"publish","type":"post","link":"http:\/\/www.lanuevaopcion.cl\/?p=2906","title":{"rendered":"Sin apoyo de oficiales comienza paro de Gendarmer\u00eda"},"content":{"rendered":"<p><img loading=\"lazy\" decoding=\"async\"  alt=\"\" src=\"http:\/\/www.elparadiario14.cl\/tmp_images\/339\/noticia_16916_normal.jpg\" class=\"alignleft\" width=\"400\" height=\"300\" \/ class=\"alignleft\" style=\"margin-right:15px;margin-bottom:10px;float:left;\" >SANTIAGO.- Aunque cerca de 500 oficiales de Gendarmer\u00eda no se sumaron a la nueva paralizaci\u00f3n que comenz\u00f3 esta media noche, el presidente de la Asociaci\u00f3n Nacional de Funcionarios Penitenciarios (Anfup), Pedro Hern\u00e1ndez, asegur\u00f3 que la adhesi\u00f3n es de casi un 100%. <\/p>\n<p>\u201cRespetamos su decisi\u00f3n de haberse bajado del paro (los oficiales), no la compartimos, pero eso no cambia en nada las cosas porque aqu\u00ed hay tres organizaciones que conformamos 13.500 funcionarios que hoy est\u00e1n adheridos a la movilizaci\u00f3n\u201d, dijo Hern\u00e1ndez a Canal 13. <\/p>\n<p>Aunque el dirigente asegur\u00f3 que \u00e9ste ser\u00e1 un paro ordenado, mientras se mantenga, no har\u00e1n traslados de imputados hacia los centros penales y tampoco los recibir\u00e1n en las unidades carcelarias. <\/p>\n<p><!--more--><\/p>\n<p>\u201cSer\u00e1 un paro disciplinado, es intramuros, es intrarejas, pero no vamos a poner en peligro la seguridad p\u00fablica y tampoco los derechos de los internos que tienen al interior del penal\u201d, aclar\u00f3 Hern\u00e1ndez. <\/p>\n<p>Asimismo, coment\u00f3 que la movilizaci\u00f3n s\u00f3lo tendr\u00e1 fin cuando el Gobierno los invite a conversar, \u201cpero sobre medidas concretas con las que se pueda avanzar y no signifiquen medidas dilatadoras y de estancamiento\u201d. <\/p>\n<p>Ante los dichos del subsecretario de Justicia, Jorge Frei, quien calific\u00f3 el paro como una medida irresponsable, ya que no se habr\u00edan consultado las bases, Hern\u00e1ndez respondi\u00f3 que el manejo interno de los gremios \u201cno es resorte de los ministerios, no nos metemos en el trabajo que ellos hacen\u201d. <\/p>\n<p>Adem\u00e1s, reiter\u00f3 que la adhesi\u00f3n a \u00e9ste es total de Arica a Punta Arenas, y es porque \u201cnuestras bases nos siguen y est\u00e1n dispuestas a medidas extremas como las de hoy\u201d. <\/p>\n<p>La motivaci\u00f3n del nuevo paro radica en que la propuesta entregada ayer por el Gobierno, no dej\u00f3 conformes a los trabajadores,   ya que seg\u00fan los gendarmes,   \u00e9sta s\u00f3lo se remiti\u00f3 a mejorar el grado 26 \u2013el m\u00e1s bajo en la escala de sueldos\u2013, sin eliminarlo, como solicitaban los trabajadores. <\/p>\n<p>FUENTE.EMOL.COM<\/p>\n","protected":false},"excerpt":{"rendered":"<p>SANTIAGO.- Aunque cerca de 500 oficiales de Gendarmer\u00eda no se sumaron a la nueva paralizaci\u00f3n que comenz\u00f3 esta media noche, el presidente de la Asociaci\u00f3n Nacional de Funcionarios Penitenciarios (Anfup), Pedro Hern\u00e1ndez, asegur\u00f3 que la adhesi\u00f3n es de casi un 100%. \u201cRespetamos su decisi\u00f3n de haberse bajado del paro (los oficiales), no la compartimos, pero [&hellip;]<\/p>\n","protected":false},"author":1,"featured_media":0,"comment_status":"open","ping_status":"open","sticky":false,"template":"","format":"standard","meta":{"footnotes":""},"categories":[16],"tags":[1635],"class_list":["post-2906","post","type-post","status-publish","format-standard","hentry","category-nacional","tag-nacional"],"_links":{"self":[{"href":"http:\/\/www.lanuevaopcion.cl\/index.php?rest_route=\/wp\/v2\/posts\/2906","targetHints":{"allow":["GET"]}}],"collection":[{"href":"http:\/\/www.lanuevaopcion.cl\/index.php?rest_route=\/wp\/v2\/posts"}],"about":[{"href":"http:\/\/www.lanuevaopcion.cl\/index.php?rest_route=\/wp\/v2\/types\/post"}],"author":[{"embeddable":true,"href":"http:\/\/www.lanuevaopcion.cl\/index.php?rest_route=\/wp\/v2\/users\/1"}],"replies":[{"embeddable":true,"href":"http:\/\/www.lanuevaopcion.cl\/index.php?rest_route=%2Fwp%2Fv2%2Fcomments&post=2906"}],"version-history":[{"count":1,"href":"http:\/\/www.lanuevaopcion.cl\/index.php?rest_route=\/wp\/v2\/posts\/2906\/revisions"}],"predecessor-version":[{"id":2907,"href":"http:\/\/www.lanuevaopcion.cl\/index.php?rest_route=\/wp\/v2\/posts\/2906\/revisions\/2907"}],"wp:attachment":[{"href":"http:\/\/www.lanuevaopcion.cl\/index.php?rest_route=%2Fwp%2Fv2%2Fmedia&parent=2906"}],"wp:term":[{"taxonomy":"category","embeddable":true,"href":"http:\/\/www.lanuevaopcion.cl\/index.php?rest_route=%2Fwp%2Fv2%2Fcategories&post=2906"},{"taxonomy":"post_tag","embeddable":true,"href":"http:\/\/www.lanuevaopcion.cl\/index.php?rest_route=%2Fwp%2Fv2%2Ftags&post=2906"}],"curies":[{"name":"wp","href":"https:\/\/api.w.org\/{rel}","templated":true}]}}