{"id":2904,"date":"2009-07-01T22:31:54","date_gmt":"2009-07-02T01:31:54","guid":{"rendered":"http:\/\/www.lanuevaopcion.cl\/?p=2904"},"modified":"2009-07-01T22:31:54","modified_gmt":"2009-07-02T01:31:54","slug":"sporting-las-primeras-palabras-de-matias-fernandez-tras-la-presentacion-en-el-sporting","status":"publish","type":"post","link":"http:\/\/www.lanuevaopcion.cl\/?p=2904","title":{"rendered":"Sporting: Las primeras palabras de Mat\u00edas Fern\u00e1ndez tras la presentaci\u00f3n en el Sporting"},"content":{"rendered":"<p><img loading=\"lazy\" decoding=\"async\"  alt=\"\" src=\"http:\/\/i.media.goal.com\/g\/51297_news.jpg\" class=\"alignleft\" width=\"200\" height=\"230\" \/ class=\"alignleft\" style=\"margin-right:15px;margin-bottom:10px;float:left;\" >Las palabras del presidente del Sporting de Portugal a Mat\u00edas Fern\u00e1ndez en la presentaci\u00f3n del volante chileno en sociedad fueron una suerte de arenga medi\u00e1tica para intentar despertar al que alguna vez fuera el mejor jugador de Sudamerica.<\/p>\n<p>Jos\u00e9 Eduardo Bettencourt le se\u00f1al\u00f3 que en Sporting recibir\u00eda cari\u00f1o y mucha atenci\u00f3n para que se desarrollara como persona, profesional y jugador, indicando que lo \u00fanico que le ped\u00eda era que al termino de los 90 minutos, la camiseta estuviera sudada al m\u00e1ximo, con sangre, la misma que les cost\u00f3 a los Leones reclutar a Fern\u00e1ndez desde Villarreal.<\/p>\n<p><!--more--><\/p>\n<p>Matigol respondi\u00f3 con un gesto de agradecimiento, indicando que \u00abintentar\u00e9 todo lo posible para recompensar la confianza que el presidente, el club y la hinchada depositaron en mi\u00bb.<\/p>\n<p>El jugador seguir\u00e1 utilizando su tradicional camiseta con el dorsal 14, la cual utiliza desde que se iniciara en el f\u00fatbol indic\u00f3 a los presentes que lo alentaban con canticos especialmente dedicados a \u00e9l.<\/p>\n<p>FUENTE.GOAL.COM<\/p>\n","protected":false},"excerpt":{"rendered":"<p>Las palabras del presidente del Sporting de Portugal a Mat\u00edas Fern\u00e1ndez en la presentaci\u00f3n del volante chileno en sociedad fueron una suerte de arenga medi\u00e1tica para intentar despertar al que alguna vez fuera el mejor jugador de Sudamerica. Jos\u00e9 Eduardo Bettencourt le se\u00f1al\u00f3 que en Sporting recibir\u00eda cari\u00f1o y mucha atenci\u00f3n para que se desarrollara [&hellip;]<\/p>\n","protected":false},"author":1,"featured_media":0,"comment_status":"open","ping_status":"open","sticky":false,"template":"","format":"standard","meta":{"footnotes":""},"categories":[5],"tags":[1632],"class_list":["post-2904","post","type-post","status-publish","format-standard","hentry","category-internacional","tag-deporte"],"_links":{"self":[{"href":"http:\/\/www.lanuevaopcion.cl\/index.php?rest_route=\/wp\/v2\/posts\/2904","targetHints":{"allow":["GET"]}}],"collection":[{"href":"http:\/\/www.lanuevaopcion.cl\/index.php?rest_route=\/wp\/v2\/posts"}],"about":[{"href":"http:\/\/www.lanuevaopcion.cl\/index.php?rest_route=\/wp\/v2\/types\/post"}],"author":[{"embeddable":true,"href":"http:\/\/www.lanuevaopcion.cl\/index.php?rest_route=\/wp\/v2\/users\/1"}],"replies":[{"embeddable":true,"href":"http:\/\/www.lanuevaopcion.cl\/index.php?rest_route=%2Fwp%2Fv2%2Fcomments&post=2904"}],"version-history":[{"count":1,"href":"http:\/\/www.lanuevaopcion.cl\/index.php?rest_route=\/wp\/v2\/posts\/2904\/revisions"}],"predecessor-version":[{"id":2905,"href":"http:\/\/www.lanuevaopcion.cl\/index.php?rest_route=\/wp\/v2\/posts\/2904\/revisions\/2905"}],"wp:attachment":[{"href":"http:\/\/www.lanuevaopcion.cl\/index.php?rest_route=%2Fwp%2Fv2%2Fmedia&parent=2904"}],"wp:term":[{"taxonomy":"category","embeddable":true,"href":"http:\/\/www.lanuevaopcion.cl\/index.php?rest_route=%2Fwp%2Fv2%2Fcategories&post=2904"},{"taxonomy":"post_tag","embeddable":true,"href":"http:\/\/www.lanuevaopcion.cl\/index.php?rest_route=%2Fwp%2Fv2%2Ftags&post=2904"}],"curies":[{"name":"wp","href":"https:\/\/api.w.org\/{rel}","templated":true}]}}