{"id":2902,"date":"2009-07-01T22:12:46","date_gmt":"2009-07-02T01:12:46","guid":{"rendered":"http:\/\/www.lanuevaopcion.cl\/?p=2902"},"modified":"2009-07-01T22:12:46","modified_gmt":"2009-07-02T01:12:46","slug":"arturo-herrera-se-despidio-de-la-pdi-estuve-solo-en-muchos-momentos","status":"publish","type":"post","link":"http:\/\/www.lanuevaopcion.cl\/?p=2902","title":{"rendered":"Arturo Herrera se despidi\u00f3 de la PDI: \u00bbEstuve solo en muchos momentos\u00bb"},"content":{"rendered":"<p><img loading=\"lazy\" decoding=\"async\"  alt=\"\" src=\"http:\/\/img.lasegunda.com\/2009\/07\/01\/File_20097113025.jpg\" class=\"alignleft\" width=\"160\" height=\"250\" \/ class=\"alignleft\" style=\"margin-right:15px;margin-bottom:10px;float:left;\" >Arturo Herrera se despidi\u00f3 hoy de la Polic\u00eda de Investigaciones (PDI) y defendi\u00f3 su labor durante seis a\u00f1os al mando de la instituci\u00f3n en un discurso pronunciado en la ceremonia de traspaso de mando a Marcos V\u00e1squez Meza.<\/p>\n<p>Seg\u00fan inform\u00f3 radio ADN, Herrera dijo haberse sentido \u00absolo\u00bb en los momentos dif\u00edciles generados por los casos de corrupci\u00f3n que se desvelaron en la PDI.<\/p>\n<p>\u00abLas instituciones las hacen las personas y las evaluaciones la historia\u00bb, fue la frase con que Herrera inici\u00f3 su intervenci\u00f3n, en la que recalc\u00f3 que en este per\u00edodo como director \u00abrecib\u00ed apoyo pero tambi\u00e9n estuve solo en muchos momentos, m\u00e1s de lo que me hubiese imaginado\u00bb.<\/p>\n<p><!--more--><\/p>\n<p>El caso de funcionarios involucrados en una red de prostituci\u00f3n infantil en Valpara\u00edso termin\u00f3 de afectar la imagen de la PDI y en especial la labor de Herrera, ya que se sum\u00f3 a otras situaciones de corrupci\u00f3n, como la visita a un local nocturno con uso de veh\u00edculos fiscales o polic\u00edas formando parte redes de protecci\u00f3n a narcotraficantes.<\/p>\n<p>Sin embargo, el renunciado director -cuya dimisi\u00f3n le fue aceptada por la Presidenta Michelle Bachelet pese a que a\u00fan le quedaba un mes y medio al mando- se defendi\u00f3 y reiter\u00f3 que los puntos negros no enlodan la labor de toda la polic\u00eda civil.<\/p>\n<p>\u00abLas faltas a la probidad ocurridas en el \u00faltimo tiempo no reflejan la realidad que se vive en nuestra instituci\u00f3n. Ya llegar\u00e1 el tiempo de que la reflexi\u00f3n serena develar\u00e1 los verdaderos alcances de quienes actuaron bien, y respaldar\u00e1 nuestra decisi\u00f3n de no haber permanecido de brazos cruzados\u00bb, indic\u00f3.<\/p>\n<p>En esta ceremonia asumi\u00f3 el mando oficialmente Marco V\u00e1squez Meza, quien sobre la corrupci\u00f3n se\u00f1al\u00f3 que \u00abtodas las polic\u00edas del mundo tiene episodios de este tipo y nosotros somos de las que tenemos menos. Ojal\u00e1 no tuvi\u00e9semos, pero aqu\u00ed trabajamos hombres y por lo tanto seres humanos que a veces cometen errores\u00bb, consign\u00f3 radio ADN.<\/p>\n<p>FUENTE. LA SEGUNDA ON LINE.<\/p>\n","protected":false},"excerpt":{"rendered":"<p>Arturo Herrera se despidi\u00f3 hoy de la Polic\u00eda de Investigaciones (PDI) y defendi\u00f3 su labor durante seis a\u00f1os al mando de la instituci\u00f3n en un discurso pronunciado en la ceremonia de traspaso de mando a Marcos V\u00e1squez Meza. Seg\u00fan inform\u00f3 radio ADN, Herrera dijo haberse sentido \u00absolo\u00bb en los momentos dif\u00edciles generados por los casos [&hellip;]<\/p>\n","protected":false},"author":1,"featured_media":0,"comment_status":"open","ping_status":"open","sticky":false,"template":"","format":"standard","meta":{"footnotes":""},"categories":[16],"tags":[1635],"class_list":["post-2902","post","type-post","status-publish","format-standard","hentry","category-nacional","tag-nacional"],"_links":{"self":[{"href":"http:\/\/www.lanuevaopcion.cl\/index.php?rest_route=\/wp\/v2\/posts\/2902","targetHints":{"allow":["GET"]}}],"collection":[{"href":"http:\/\/www.lanuevaopcion.cl\/index.php?rest_route=\/wp\/v2\/posts"}],"about":[{"href":"http:\/\/www.lanuevaopcion.cl\/index.php?rest_route=\/wp\/v2\/types\/post"}],"author":[{"embeddable":true,"href":"http:\/\/www.lanuevaopcion.cl\/index.php?rest_route=\/wp\/v2\/users\/1"}],"replies":[{"embeddable":true,"href":"http:\/\/www.lanuevaopcion.cl\/index.php?rest_route=%2Fwp%2Fv2%2Fcomments&post=2902"}],"version-history":[{"count":1,"href":"http:\/\/www.lanuevaopcion.cl\/index.php?rest_route=\/wp\/v2\/posts\/2902\/revisions"}],"predecessor-version":[{"id":2903,"href":"http:\/\/www.lanuevaopcion.cl\/index.php?rest_route=\/wp\/v2\/posts\/2902\/revisions\/2903"}],"wp:attachment":[{"href":"http:\/\/www.lanuevaopcion.cl\/index.php?rest_route=%2Fwp%2Fv2%2Fmedia&parent=2902"}],"wp:term":[{"taxonomy":"category","embeddable":true,"href":"http:\/\/www.lanuevaopcion.cl\/index.php?rest_route=%2Fwp%2Fv2%2Fcategories&post=2902"},{"taxonomy":"post_tag","embeddable":true,"href":"http:\/\/www.lanuevaopcion.cl\/index.php?rest_route=%2Fwp%2Fv2%2Ftags&post=2902"}],"curies":[{"name":"wp","href":"https:\/\/api.w.org\/{rel}","templated":true}]}}