{"id":29013,"date":"2024-11-18T11:55:56","date_gmt":"2024-11-18T11:55:56","guid":{"rendered":"http:\/\/www.lanuevaopcion.cl\/?p=29013"},"modified":"2024-11-18T11:55:56","modified_gmt":"2024-11-18T11:55:56","slug":"fin-del-misterio-mega-anuncia-a-los-primeros-artistas-confirmados-para-el-festival-de-vina-del-mar-2025","status":"publish","type":"post","link":"http:\/\/www.lanuevaopcion.cl\/?p=29013","title":{"rendered":"Fin del misterio: Mega anuncia a los primeros artistas confirmados para el Festival de Vi\u00f1a del Mar 2025"},"content":{"rendered":"<p><img loading=\"lazy\" decoding=\"async\"  alt=\"\" src=\"https:\/\/www.lacuarta.com\/resizer\/v2\/F3GYP3NAL5EVXO6NFHY5XSRZPQ.jpg?quality=75&#038;smart=true&#038;auth=79098bb975dd08f8571678d23be9389ef66efc74430c84f885c63e5608e3b75c&#038;width=360&#038;height=180\" class=\"alignleft\" width=\"360\" height=\"180\" \/ class=\"alignleft\" style=\"margin-right:15px;margin-bottom:10px;float:left;\" ><br \/>\nSe acab\u00f3 el misterio. Tal como estaba anunciado, Mega anunci\u00f3 este domingo a los primeros artistas que estar\u00e1n presentes en la edici\u00f3n 2025 del Festival de Vi\u00f1a del Mar.<\/p>\n<p>A trav\u00e9s de un programa especial que se emiti\u00f3 en horario prime, y en el que realizaron un contacto en vivo con Rafa Araneda y Karen Doggenweiler, la estaci\u00f3n de Vicu\u00f1a Mackenna confirm\u00f3 a algunos de los cantantes y grupos que se subir\u00e1n al escenario de la Quinta Vergara.<\/p>\n<p>En ese contexto, emitieron un video promocional para ir dando a conocer los nombres de los artistas que ser\u00e1n parte del line up del certamen de la ciudad jard\u00edn.<br \/>\n<!--more--><br \/>\nDe esta forma, se anunci\u00f3 la presencia en el Festival de Vi\u00f1a de Marc Anthony, Myriam Hern\u00e1ndez, y el grupo estadounidense Ha*Ash.<\/p>\n<p>Adem\u00e1s, tambi\u00e9n se confirm\u00f3 en esa primera tanda al cantante y compositor colombiano, Sebasti\u00e1n Yatra.<\/p>\n<p>M\u00e1s artistas<br \/>\nPosteriormente, se anunciaron los nombres de Duki, trapero argentino que justamente esta semana realiz\u00f3 un concierto en Chile, adem\u00e1s de Carlos Vives y la banda pop Bacilos, que llevar\u00e1n a Vi\u00f1a todos sus cl\u00e1sicos.<\/p>\n<p>Cabe destacar que todav\u00eda falta la confirmaci\u00f3n de varios nombres para completar la parrilla del Festival de la Canci\u00f3n, el cual se desarrollar\u00e1 entre el 23 y el 28 de febrero de 2025.<br \/>\nhttps:\/\/www.lacuarta.com\/espectaculos\/noticia\/fin-del-misterio-mega-anuncia-a-los-primeros-artistas-confirmados-para-el-festival-de-vina-del-mar-2025\/33IKWE5I4JBA7MYZSTTXMOXDY4\/#<br \/>\nFUENTE. LA CUARTA.COM<br \/>\nMEDIO DE DIFUSION, SIN FIN DE LUCRO ALGUNO <\/p>\n","protected":false},"excerpt":{"rendered":"<p>Se acab\u00f3 el misterio. Tal como estaba anunciado, Mega anunci\u00f3 este domingo a los primeros artistas que estar\u00e1n presentes en la edici\u00f3n 2025 del Festival de Vi\u00f1a del Mar. A trav\u00e9s de un programa especial que se emiti\u00f3 en horario prime, y en el que realizaron un contacto en vivo con Rafa Araneda y Karen [&hellip;]<\/p>\n","protected":false},"author":51,"featured_media":0,"comment_status":"open","ping_status":"open","sticky":false,"template":"","format":"standard","meta":{"footnotes":""},"categories":[8,4,5,16,11],"tags":[81,1636],"class_list":["post-29013","post","type-post","status-publish","format-standard","hentry","category-cultura","category-economia","category-internacional","category-nacional","category-tendencias","tag-espectaculos","tag-festival-de-vina"],"_links":{"self":[{"href":"http:\/\/www.lanuevaopcion.cl\/index.php?rest_route=\/wp\/v2\/posts\/29013","targetHints":{"allow":["GET"]}}],"collection":[{"href":"http:\/\/www.lanuevaopcion.cl\/index.php?rest_route=\/wp\/v2\/posts"}],"about":[{"href":"http:\/\/www.lanuevaopcion.cl\/index.php?rest_route=\/wp\/v2\/types\/post"}],"author":[{"embeddable":true,"href":"http:\/\/www.lanuevaopcion.cl\/index.php?rest_route=\/wp\/v2\/users\/51"}],"replies":[{"embeddable":true,"href":"http:\/\/www.lanuevaopcion.cl\/index.php?rest_route=%2Fwp%2Fv2%2Fcomments&post=29013"}],"version-history":[{"count":1,"href":"http:\/\/www.lanuevaopcion.cl\/index.php?rest_route=\/wp\/v2\/posts\/29013\/revisions"}],"predecessor-version":[{"id":29014,"href":"http:\/\/www.lanuevaopcion.cl\/index.php?rest_route=\/wp\/v2\/posts\/29013\/revisions\/29014"}],"wp:attachment":[{"href":"http:\/\/www.lanuevaopcion.cl\/index.php?rest_route=%2Fwp%2Fv2%2Fmedia&parent=29013"}],"wp:term":[{"taxonomy":"category","embeddable":true,"href":"http:\/\/www.lanuevaopcion.cl\/index.php?rest_route=%2Fwp%2Fv2%2Fcategories&post=29013"},{"taxonomy":"post_tag","embeddable":true,"href":"http:\/\/www.lanuevaopcion.cl\/index.php?rest_route=%2Fwp%2Fv2%2Ftags&post=29013"}],"curies":[{"name":"wp","href":"https:\/\/api.w.org\/{rel}","templated":true}]}}