{"id":28992,"date":"2024-11-05T11:24:48","date_gmt":"2024-11-05T11:24:48","guid":{"rendered":"http:\/\/www.lanuevaopcion.cl\/?p=28992"},"modified":"2024-11-05T11:24:48","modified_gmt":"2024-11-05T11:24:48","slug":"del-festejo-al-terror-delincuentes-irrumpen-en-casa-de-la-florida-amarran-a-siete-amigas-y-se-roban-todo-a-su-paso","status":"publish","type":"post","link":"http:\/\/www.lanuevaopcion.cl\/?p=28992","title":{"rendered":"Del festejo al terror: delincuentes irrumpen en casa de La Florida, amarran a siete amigas y se roban todo a su paso"},"content":{"rendered":"<p><img loading=\"lazy\" decoding=\"async\"  alt=\"\" src=\"https:\/\/www.lacuarta.com\/resizer\/v2\/LJWL6TQHHZB7VMZYI44GKDXV3E.jpg?quality=75&#038;smart=true&#038;auth=b3674d81318ebc121ad773009bbf1081cccea9273d2e1080476803d0b5d779bc&#038;width=360&#038;height=180\" class=\"alignleft\" width=\"360\" height=\"180\" \/ class=\"alignleft\" style=\"margin-right:15px;margin-bottom:10px;float:left;\" ><br \/>\nDurante la noche del lunes, un grupo de cinco delincuentes ingres\u00f3 a la fuerza a una casa donde ocho mujeres se encontraban en una celebraci\u00f3n, en la comuna de La Florida.<\/p>\n<p>De acuerdo a los primeros antecedentes, las v\u00edctimas fueron intimidadas con armas de fuego, amordazadas y amarradas por los antisociales, quienes procedieron a registrar el inmueble y sustraer especies.<\/p>\n<p>Detalles del caso<br \/>\n<!--more--><br \/>\npowered by<br \/>\nTras la respectiva denuncia, personal de Carabineros lleg\u00f3 hasta el domicilio ubicado en Avenida Per\u00fa, donde una mujer de 42 a\u00f1os inform\u00f3 a los uniformados que cerca de las 21.30 horas, mientras se encontraba en una reuni\u00f3n de amigas en compa\u00f1\u00eda de otras siete personas, todas mayores de edad \u20146 chilenas y 2 venezolanas\u2014, sintieron sonar el timbre de la puerta principal.<\/p>\n<p>Una de las amigas concurri\u00f3 a abrir la puerta, momento en el que ingresan cinco sujetos a rostro descubierto portando armas de fuego, con las cuales intimidaron a las v\u00edctimas, para luego inmovilizarlas con amarras pl\u00e1sticas, adem\u00e1s de colocarles cinta adhesiva en la boca. Una de las mujeres habr\u00eda opuesto resistencia, por lo que fue golpeada por uno de los sujetos con la empu\u00f1adura del arma, registrando lesiones de car\u00e1cter leve.<\/p>\n<p>\u201cUtilizan amarras pl\u00e1sticas en las manos y cinta adhesiva en las bocas de las v\u00edctimas\u201d, confirm\u00f3 el capit\u00e1n Ignacio Rivas, oficial de ronda de la Prefectura Cordillera.<\/p>\n<p>Con las v\u00edctimas reducidas, los sujetos procedieron a registrar el inmueble por alrededor de 20 minutos, desde donde huyeron en direcci\u00f3n desconocida con diversas especies.<\/p>\n<p>\u201cEn esos 20 minutos logran sustraer diversas especies de propiedad de las personas, entre ellas joyas y dinero en efectivo, aproximadamente cinco millones de pesos, adem\u00e1s de sus celulares\u201d, agreg\u00f3 el uniformado.<br \/>\nhttps:\/\/www.lacuarta.com\/chile\/noticia\/del-festejo-al-terror-delincuentes-irrumpen-en-casa-de-la-florida-amarran-a-siete-amigas-y-se-roban-todo-a-su-paso\/7U3DKCCU7RDDDFFVWCZE7AFKUQ\/#<br \/>\nFUENTE. LA CUARTA.COM<br \/>\nMEDIO DE DIFUSION , SIN FIN DE LUCRO ALGUNO <\/p>\n","protected":false},"excerpt":{"rendered":"<p>Durante la noche del lunes, un grupo de cinco delincuentes ingres\u00f3 a la fuerza a una casa donde ocho mujeres se encontraban en una celebraci\u00f3n, en la comuna de La Florida. De acuerdo a los primeros antecedentes, las v\u00edctimas fueron intimidadas con armas de fuego, amordazadas y amarradas por los antisociales, quienes procedieron a registrar [&hellip;]<\/p>\n","protected":false},"author":51,"featured_media":0,"comment_status":"open","ping_status":"open","sticky":false,"template":"","format":"standard","meta":{"footnotes":""},"categories":[9,16,30,1,11],"tags":[25,1421],"class_list":["post-28992","post","type-post","status-publish","format-standard","hentry","category-educacion","category-nacional","category-policial","category-uncategorized","category-tendencias","tag-delincuencia","tag-nunoa"],"_links":{"self":[{"href":"http:\/\/www.lanuevaopcion.cl\/index.php?rest_route=\/wp\/v2\/posts\/28992","targetHints":{"allow":["GET"]}}],"collection":[{"href":"http:\/\/www.lanuevaopcion.cl\/index.php?rest_route=\/wp\/v2\/posts"}],"about":[{"href":"http:\/\/www.lanuevaopcion.cl\/index.php?rest_route=\/wp\/v2\/types\/post"}],"author":[{"embeddable":true,"href":"http:\/\/www.lanuevaopcion.cl\/index.php?rest_route=\/wp\/v2\/users\/51"}],"replies":[{"embeddable":true,"href":"http:\/\/www.lanuevaopcion.cl\/index.php?rest_route=%2Fwp%2Fv2%2Fcomments&post=28992"}],"version-history":[{"count":1,"href":"http:\/\/www.lanuevaopcion.cl\/index.php?rest_route=\/wp\/v2\/posts\/28992\/revisions"}],"predecessor-version":[{"id":28993,"href":"http:\/\/www.lanuevaopcion.cl\/index.php?rest_route=\/wp\/v2\/posts\/28992\/revisions\/28993"}],"wp:attachment":[{"href":"http:\/\/www.lanuevaopcion.cl\/index.php?rest_route=%2Fwp%2Fv2%2Fmedia&parent=28992"}],"wp:term":[{"taxonomy":"category","embeddable":true,"href":"http:\/\/www.lanuevaopcion.cl\/index.php?rest_route=%2Fwp%2Fv2%2Fcategories&post=28992"},{"taxonomy":"post_tag","embeddable":true,"href":"http:\/\/www.lanuevaopcion.cl\/index.php?rest_route=%2Fwp%2Fv2%2Ftags&post=28992"}],"curies":[{"name":"wp","href":"https:\/\/api.w.org\/{rel}","templated":true}]}}