{"id":2899,"date":"2009-07-01T22:03:05","date_gmt":"2009-07-02T01:03:05","guid":{"rendered":"http:\/\/www.lanuevaopcion.cl\/?p=2899"},"modified":"2009-07-01T22:06:03","modified_gmt":"2009-07-02T01:06:03","slug":"matrimonio-muere-en-choque-bajo-la-clinica-alemana","status":"publish","type":"post","link":"http:\/\/www.lanuevaopcion.cl\/?p=2899","title":{"rendered":"Matrimonio muere en choque bajo la Cl\u00ednica Alemana"},"content":{"rendered":"<p><img loading=\"lazy\" decoding=\"async\"  alt=\"\" src=\"http:\/\/www.lanacion.cl\/prontus_noticias_v2\/site\/artic\/20090701\/imag\/FOTO_0420090701102412.jpg\" class=\"alignleft\" width=\"200\" height=\"150\" \/ class=\"alignleft\" style=\"margin-right:15px;margin-bottom:10px;float:left;\" >Un matrimonio formado por dos adultos mayores falleci\u00f3 esta ma\u00f1ana al chocar en el veh\u00edculo en que transitaban contra un muro en un estacionamiento subterr\u00e1neo de la Cl\u00ednica Alemana, en la comuna de Vitacura, sector oriente de Santiago.<\/p>\n<p>Las v\u00edctimas fueron identificadas por Carabineros como Mar\u00eda Navas Saavedra, de 74 a\u00f1os, quien ejerc\u00eda como conductora, y Fernando Millas Morales, 78 a\u00f1os, ambos pacientes habituales del establecimiento.<\/p>\n<p><!--more--><\/p>\n<p>De acuerdo a la capit\u00e1n de esa polic\u00eda, Mor\u00edn Espinoza, la pareja ingres\u00f3 al recinto a las 8:20 horas momento en que bajan hasta el estacionamiento -3 donde, \u00abpor causas que se investigan, pierden el control del m\u00f3vil y a gran velocidad impactan un muro\u00bb. <\/p>\n<p>La funcionaria, de dotaci\u00f3n de la 37ma Comisar\u00eda, detall\u00f3 que \u00aba ra\u00edz del impacto, la conductora pierde en forma instant\u00e1nea la vida\u00bb mientras el deceso de su acompa\u00f1ante se produce \u00abluego de las primeras atenciones \u00ab.<\/p>\n<p>Respecto de posibles causas del accidente, la uniformada se\u00f1al\u00f3 que Navas \u00abhabr\u00eda sufrido aparentemente un paro cardiorespiratorio previo al accidente\u00bb lo cual, se supone, la hizo perder el control del veh\u00edculo. <\/p>\n<p>Agreg\u00f3 que \u00ablas primeras se\u00f1ales en el sitio del suceso muestran que no habr\u00edan usado el cintur\u00f3n de seguridad\u00bb lo que, probablemente, habr\u00eda evitado las consecuencias fatales<\/p>\n<p>FUENTE. LA NACION.CL<\/p>\n","protected":false},"excerpt":{"rendered":"<p>Un matrimonio formado por dos adultos mayores falleci\u00f3 esta ma\u00f1ana al chocar en el veh\u00edculo en que transitaban contra un muro en un estacionamiento subterr\u00e1neo de la Cl\u00ednica Alemana, en la comuna de Vitacura, sector oriente de Santiago. Las v\u00edctimas fueron identificadas por Carabineros como Mar\u00eda Navas Saavedra, de 74 a\u00f1os, quien ejerc\u00eda como conductora, [&hellip;]<\/p>\n","protected":false},"author":1,"featured_media":0,"comment_status":"open","ping_status":"open","sticky":false,"template":"","format":"standard","meta":{"footnotes":""},"categories":[16],"tags":[33],"class_list":["post-2899","post","type-post","status-publish","format-standard","hentry","category-nacional","tag-accidentes"],"_links":{"self":[{"href":"http:\/\/www.lanuevaopcion.cl\/index.php?rest_route=\/wp\/v2\/posts\/2899","targetHints":{"allow":["GET"]}}],"collection":[{"href":"http:\/\/www.lanuevaopcion.cl\/index.php?rest_route=\/wp\/v2\/posts"}],"about":[{"href":"http:\/\/www.lanuevaopcion.cl\/index.php?rest_route=\/wp\/v2\/types\/post"}],"author":[{"embeddable":true,"href":"http:\/\/www.lanuevaopcion.cl\/index.php?rest_route=\/wp\/v2\/users\/1"}],"replies":[{"embeddable":true,"href":"http:\/\/www.lanuevaopcion.cl\/index.php?rest_route=%2Fwp%2Fv2%2Fcomments&post=2899"}],"version-history":[{"count":2,"href":"http:\/\/www.lanuevaopcion.cl\/index.php?rest_route=\/wp\/v2\/posts\/2899\/revisions"}],"predecessor-version":[{"id":2901,"href":"http:\/\/www.lanuevaopcion.cl\/index.php?rest_route=\/wp\/v2\/posts\/2899\/revisions\/2901"}],"wp:attachment":[{"href":"http:\/\/www.lanuevaopcion.cl\/index.php?rest_route=%2Fwp%2Fv2%2Fmedia&parent=2899"}],"wp:term":[{"taxonomy":"category","embeddable":true,"href":"http:\/\/www.lanuevaopcion.cl\/index.php?rest_route=%2Fwp%2Fv2%2Fcategories&post=2899"},{"taxonomy":"post_tag","embeddable":true,"href":"http:\/\/www.lanuevaopcion.cl\/index.php?rest_route=%2Fwp%2Fv2%2Ftags&post=2899"}],"curies":[{"name":"wp","href":"https:\/\/api.w.org\/{rel}","templated":true}]}}