{"id":28987,"date":"2024-11-04T11:54:40","date_gmt":"2024-11-04T11:54:40","guid":{"rendered":"http:\/\/www.lanuevaopcion.cl\/?p=28987"},"modified":"2024-11-04T11:55:08","modified_gmt":"2024-11-04T11:55:08","slug":"catalina-pulido-publico-en-redes-conmovedor-registro-tras-funeral-de-su-hijo-%e2%80%9ca-pesar-de-nuestro-dolor%e2%80%9d","status":"publish","type":"post","link":"http:\/\/www.lanuevaopcion.cl\/?p=28987","title":{"rendered":"Catalina Pulido public\u00f3 en redes conmovedor registro tras funeral de su hijo: \u201cA pesar de nuestro dolor\u201d"},"content":{"rendered":"<p><img loading=\"lazy\" decoding=\"async\"  alt=\"\" src=\"https:\/\/www.lacuarta.com\/resizer\/v2\/KS3YAVMYE5FI7IGEKYNDLDUQKY.png?quality=75&#038;smart=true&#038;auth=e1c02b9d6de8ae0b3c333f74b19e8898439bd4fcc40df85582186c82c711d0b5&#038;width=320&#038;height=180\" class=\"alignleft\" width=\"320\" height=\"180\" \/ class=\"alignleft\" style=\"margin-right:15px;margin-bottom:10px;float:left;\" ><br \/>\nEste s\u00e1bado 2 de noviembre, la actriz Catalina Pulido comparti\u00f3 un emotivo momento familiar luego del fallecimiento de su hijo Sasha von Knorring.<\/p>\n<p>Cabe recordar que el viernes se realiz\u00f3 el funeral del primog\u00e9nito de la actriz en la comuna de Calera de Tango, regi\u00f3n Metropolitana, dos d\u00edas despu\u00e9s de que Pulido informara el deceso v\u00eda Instagram.<\/p>\n<p>En el reciente registro que public\u00f3 en la mencionada red social, se puede ver un almuerzo familiar donde junto a su padre, Rodolfo Pulido, cant\u00f3 la canci\u00f3n \u201cFly Me to the Moon\u201d, de Frank Sinatra.<br \/>\n<!--more--><br \/>\npowered by<br \/>\n\u201cLindo mi papito (&#8230;) ayer (viernes), a pesar de nuestro dolor, recordamos los lindos momentos en familia y amigos\u201d, escribi\u00f3 la int\u00e9rprete en la descripci\u00f3n del clip.<\/p>\n<p>En el video se ve a las personas a su alrededor escuchando con atenci\u00f3n y aplaudiendo con emoci\u00f3n. \u201cGracias a todos los que nos contuvieron. Ac\u00e1 un extracto de nuestro cantante favorito como familia\u201d, cerr\u00f3 la actriz.<br \/>\nhttps:\/\/www.lacuarta.com\/espectaculos\/noticia\/catalina-pulido-publico-en-redes-conmovedor-registro-tras-funeral-de-su-hijo-a-pesar-de-nuestro-dolor\/W4KP2LWKCBCAVITXYBPH5MVXRQ\/#<br \/>\nFUENTE. LA CUARTA.COM<br \/>\nMEDIO DE DIFUSION , SIN FIN DE LUCRO ALGUNO<\/p>\n","protected":false},"excerpt":{"rendered":"<p>Este s\u00e1bado 2 de noviembre, la actriz Catalina Pulido comparti\u00f3 un emotivo momento familiar luego del fallecimiento de su hijo Sasha von Knorring. Cabe recordar que el viernes se realiz\u00f3 el funeral del primog\u00e9nito de la actriz en la comuna de Calera de Tango, regi\u00f3n Metropolitana, dos d\u00edas despu\u00e9s de que Pulido informara el deceso [&hellip;]<\/p>\n","protected":false},"author":51,"featured_media":0,"comment_status":"open","ping_status":"open","sticky":false,"template":"","format":"standard","meta":{"footnotes":""},"categories":[9,16,31,11],"tags":[1420,566],"class_list":["post-28987","post","type-post","status-publish","format-standard","hentry","category-educacion","category-nacional","category-salud","category-tendencias","tag-catalina-pulido","tag-qepd"],"_links":{"self":[{"href":"http:\/\/www.lanuevaopcion.cl\/index.php?rest_route=\/wp\/v2\/posts\/28987","targetHints":{"allow":["GET"]}}],"collection":[{"href":"http:\/\/www.lanuevaopcion.cl\/index.php?rest_route=\/wp\/v2\/posts"}],"about":[{"href":"http:\/\/www.lanuevaopcion.cl\/index.php?rest_route=\/wp\/v2\/types\/post"}],"author":[{"embeddable":true,"href":"http:\/\/www.lanuevaopcion.cl\/index.php?rest_route=\/wp\/v2\/users\/51"}],"replies":[{"embeddable":true,"href":"http:\/\/www.lanuevaopcion.cl\/index.php?rest_route=%2Fwp%2Fv2%2Fcomments&post=28987"}],"version-history":[{"count":2,"href":"http:\/\/www.lanuevaopcion.cl\/index.php?rest_route=\/wp\/v2\/posts\/28987\/revisions"}],"predecessor-version":[{"id":28989,"href":"http:\/\/www.lanuevaopcion.cl\/index.php?rest_route=\/wp\/v2\/posts\/28987\/revisions\/28989"}],"wp:attachment":[{"href":"http:\/\/www.lanuevaopcion.cl\/index.php?rest_route=%2Fwp%2Fv2%2Fmedia&parent=28987"}],"wp:term":[{"taxonomy":"category","embeddable":true,"href":"http:\/\/www.lanuevaopcion.cl\/index.php?rest_route=%2Fwp%2Fv2%2Fcategories&post=28987"},{"taxonomy":"post_tag","embeddable":true,"href":"http:\/\/www.lanuevaopcion.cl\/index.php?rest_route=%2Fwp%2Fv2%2Ftags&post=28987"}],"curies":[{"name":"wp","href":"https:\/\/api.w.org\/{rel}","templated":true}]}}