{"id":28985,"date":"2024-10-30T12:00:28","date_gmt":"2024-10-30T12:00:28","guid":{"rendered":"http:\/\/www.lanuevaopcion.cl\/?p=28985"},"modified":"2024-10-30T12:00:28","modified_gmt":"2024-10-30T12:00:28","slug":"de-%e2%80%9cnotable-parada-de-carros%e2%80%9d-a-%e2%80%9cprepotencia%e2%80%9d-tenso-debate-tras-reaccion-de-daniel-jadue-a-pregunta-de-ivan-nunez","status":"publish","type":"post","link":"http:\/\/www.lanuevaopcion.cl\/?p=28985","title":{"rendered":"De \u201cnotable parada de carros\u201d a \u201cprepotencia\u201d: tenso debate tras reacci\u00f3n de Daniel Jadue a pregunta de Iv\u00e1n N\u00fa\u00f1ez"},"content":{"rendered":"<p><img loading=\"lazy\" decoding=\"async\"  alt=\"\" src=\"https:\/\/www.lacuarta.com\/resizer\/v2\/4E7UAAZ5INFJTMBVRCLV2CICXY.jpg?quality=75&#038;smart=true&#038;auth=a33a70ae2b50c7af220fa1482b5d4cdd2afc727a96ec9588faf21b6f3a24c176&#038;width=360&#038;height=180\" class=\"alignleft\" width=\"360\" height=\"180\" \/ class=\"alignleft\" style=\"margin-right:15px;margin-bottom:10px;float:left;\" ><br \/>\nUna ola de reacciones gener\u00f3 el tenso momento que protagoniz\u00f3 Daniel Jadue en medio de una entrevista realizada por el periodista Iv\u00e1n N\u00fa\u00f1ez.<\/p>\n<p>Tal como qued\u00f3 registrado por la c\u00e1mara de TVN, el exalcalde de Recoleta se ofusc\u00f3 por una pregunta del comunicador y pidi\u00f3 cortar la entrevista.<\/p>\n<p>\u00bfPor qu\u00e9 se enojo Jadue?<br \/>\nTodo se desat\u00f3 luego que el rostro de 24 Horas le consultara a Jadue sobre su pol\u00e9mica votaci\u00f3n del fin de semana, donde algunos de sus adherentes agredieron a la prensa.<br \/>\n<!--more--><br \/>\nEl arquitecto asegur\u00f3 que hab\u00eda un acuerdo entre su grupo de comunicaciones y la prensa, pero que los periodistas igualmente se abalanzaron sobre \u00e9l e impidieron que sus adherentes acercarse.<\/p>\n<p>N\u00fa\u00f1ez insisti\u00f3 en el tema y le pregunt\u00f3 por una colega que result\u00f3 con lesiones, y un hematoma por las agresiones, a lo que Jadue indic\u00f3 que condenaba la violencia, pero que incluso \u00e9l termin\u00f3 con una lesi\u00f3n. Ante esto, N\u00fa\u00f1ez le consult\u00f3 si consideraba que hubo intencionalidad, a lo que Jadue se incomod\u00f3 y termin\u00f3 por cortar la entrevista.<br \/>\nhttps:\/\/www.lacuarta.com\/chile\/noticia\/de-notable-parada-de-carros-a-prepotencia-tenso-debate-tras-reaccion-de-daniel-jadue-a-pregunta-de-ivan-nunez\/C3YJIS2FOBDDHCUC3I2RC3A2II\/#<br \/>\nFURNTE. LA CUARTA.COM<br \/>\nMEDIO DE DIFUSION, SIN FIN DE LUCRO ALGUNO <\/p>\n","protected":false},"excerpt":{"rendered":"<p>Una ola de reacciones gener\u00f3 el tenso momento que protagoniz\u00f3 Daniel Jadue en medio de una entrevista realizada por el periodista Iv\u00e1n N\u00fa\u00f1ez. Tal como qued\u00f3 registrado por la c\u00e1mara de TVN, el exalcalde de Recoleta se ofusc\u00f3 por una pregunta del comunicador y pidi\u00f3 cortar la entrevista. \u00bfPor qu\u00e9 se enojo Jadue? Todo se [&hellip;]<\/p>\n","protected":false},"author":51,"featured_media":0,"comment_status":"open","ping_status":"open","sticky":false,"template":"","format":"standard","meta":{"footnotes":""},"categories":[8,9,16,1,11],"tags":[205,1418,1419,932],"class_list":["post-28985","post","type-post","status-publish","format-standard","hentry","category-cultura","category-educacion","category-nacional","category-uncategorized","category-tendencias","tag-chile","tag-jadue","tag-nunez","tag-tvn"],"_links":{"self":[{"href":"http:\/\/www.lanuevaopcion.cl\/index.php?rest_route=\/wp\/v2\/posts\/28985","targetHints":{"allow":["GET"]}}],"collection":[{"href":"http:\/\/www.lanuevaopcion.cl\/index.php?rest_route=\/wp\/v2\/posts"}],"about":[{"href":"http:\/\/www.lanuevaopcion.cl\/index.php?rest_route=\/wp\/v2\/types\/post"}],"author":[{"embeddable":true,"href":"http:\/\/www.lanuevaopcion.cl\/index.php?rest_route=\/wp\/v2\/users\/51"}],"replies":[{"embeddable":true,"href":"http:\/\/www.lanuevaopcion.cl\/index.php?rest_route=%2Fwp%2Fv2%2Fcomments&post=28985"}],"version-history":[{"count":1,"href":"http:\/\/www.lanuevaopcion.cl\/index.php?rest_route=\/wp\/v2\/posts\/28985\/revisions"}],"predecessor-version":[{"id":28986,"href":"http:\/\/www.lanuevaopcion.cl\/index.php?rest_route=\/wp\/v2\/posts\/28985\/revisions\/28986"}],"wp:attachment":[{"href":"http:\/\/www.lanuevaopcion.cl\/index.php?rest_route=%2Fwp%2Fv2%2Fmedia&parent=28985"}],"wp:term":[{"taxonomy":"category","embeddable":true,"href":"http:\/\/www.lanuevaopcion.cl\/index.php?rest_route=%2Fwp%2Fv2%2Fcategories&post=28985"},{"taxonomy":"post_tag","embeddable":true,"href":"http:\/\/www.lanuevaopcion.cl\/index.php?rest_route=%2Fwp%2Fv2%2Ftags&post=28985"}],"curies":[{"name":"wp","href":"https:\/\/api.w.org\/{rel}","templated":true}]}}