{"id":28967,"date":"2024-10-21T16:31:28","date_gmt":"2024-10-21T16:31:28","guid":{"rendered":"http:\/\/www.lanuevaopcion.cl\/?p=28967"},"modified":"2024-10-21T16:31:28","modified_gmt":"2024-10-21T16:31:28","slug":"%e2%80%9c%c2%a1%c2%bfinsinua-que-eran-pareja%e2%80%9d-respuesta-de-fidel-espinoza-sobre-caso-monsalve-genera-tenso-momento-con-monserrat-alvarez","status":"publish","type":"post","link":"http:\/\/www.lanuevaopcion.cl\/?p=28967","title":{"rendered":"\u201c\u00a1\u00bfInsin\u00faa que eran pareja?!\u201d: respuesta de Fidel Espinoza sobre caso Monsalve genera tenso momento con Monserrat \u00c1lvarez"},"content":{"rendered":"<p><img loading=\"lazy\" decoding=\"async\"  alt=\"\" src=\"https:\/\/www.lacuarta.com\/resizer\/v2\/MFQHYP3RAJBTFA3EGDOB6O6HYY.jpg?quality=75&#038;smart=true&#038;auth=4e4633f491f0b97ce080d7bd04a8c6240441a947070dc86040a696a855bbf27b&#038;width=360&#038;height=180\" class=\"alignleft\" width=\"360\" height=\"180\" \/ class=\"alignleft\" style=\"margin-right:15px;margin-bottom:10px;float:left;\" ><br \/>\nUn tenso momento en vivo gener\u00f3 un comentario del senador Fidel Espinoza (PS) a prop\u00f3sito de la denuncia por violaci\u00f3n en contra de Manuel Monsalve.<\/p>\n<p>En Contigo en la ma\u00f1ana, el parlamentario afirm\u00f3 que \u201cManuel tendr\u00e1 que hablar frente a la justicia a trav\u00e9s de su equipo de abogados. Lo importante es que el pa\u00edss sepa que la investigaci\u00f3n tiene que realizarse\u201d.<\/p>\n<p>\u201cHoy muchos est\u00e1n hablando del caso Monsalve, pero eran los mismos que estaban calladitos con el caso Macaya, que era un caso que involucr\u00f3 a menores (&#8230;) Hoy est\u00e1n sacando un r\u00e9dito pol\u00edtico y encuentro que eso no corresponde\u201d, complement\u00f3.<br \/>\n<!--more--><br \/>\npowered by<br \/>\nSin embargo, la periodista Monserrat \u00c1lvarez lo quiso sacar de a discusi\u00f3n pol\u00edtica para hablar puntualmente de la acusaci\u00f3n. Sobre todo en relaci\u00f3n al supuesto consumo de alcohol por parte del exsubsecretario que, aquel 22 de septiembre, estaba a cargo de la seguridad del pa\u00eds en el marco de las Fiestas Patrias.<\/p>\n<p>\u201c\u00bfQu\u00e9 le parece que el hombre que estaba a cargo de la seguridad hubiera bebido dos pisco sour y medio?\u201d, le pregunt\u00f3 Monse a Espinoza.<\/p>\n<p>Respuesta gener\u00f3 tensi\u00f3n<br \/>\n\u201cNo me voy a referir a eso, porque el d\u00eda domingo nosotros tambi\u00e9n somos humanos y podemos tener una actividad no af\u00edn al cargo. Pero ning\u00fan pol\u00edtico est\u00e1 exento a alg\u00fan problema en su relaci\u00f3n de pareja. Lo que no corresponde es lo que se hizo despu\u00e9s, de haber pedido las c\u00e1mara\u201d, respondi\u00f3 el senador.<\/p>\n<p>Monse: \u00bfCon eso usted est\u00e1 insinuado que eran pareja, senador?<\/p>\n<p>Espinoza: No, no, no. Estoy diciendo que nadie est\u00e1 exento de un problema.<\/p>\n<p>Monse: El tema de la pareja se entendi\u00f3 mal, pero fuera pareja o no, ac\u00e1 hay una denuncia por violaci\u00f3n. Adem\u00e1s, dice que todo el mundo tiene derecho a la vida personal, pero a m\u00ed como ciudadana me parece muy mal estar a cargo de un ministro del Interior (subrogante) que no est\u00e1 en sus cinco sentidos. Es un deber de la autoridad estar bajo control cuando est\u00e1 a cargo de la seguridad del pa\u00eds.<\/p>\n<p>Espinoza: Absolutamente de acuerdo.<\/p>\n<p>Monse: Yo le pregunt\u00e9 si correspond\u00eda o no estar ebrio un d\u00eda domingo y usted me dice que todos tienen derecho a la vida privada, pero yo le digo que no corresponde.<\/p>\n<p>Espinoza: No corresponde, absolutamente de acuerdo. Y cuando di el ejemplo, me refer\u00eda a muchos pol\u00edticos que han tenido problemas con parejas y sacan la voz hoy. Eso no me gusta.<br \/>\nhttps:\/\/www.lacuarta.com\/chile\/noticia\/insinua-que-eran-pareja-respuesta-de-fidel-espinoza-sobre-caso-monsalve-genera-tenso-momento-con-monserrat-alvarez\/CRVX6TJPXFCFDPJSHI2TIL5JUM\/#<br \/>\nFUENTE. LA CUARTA.COM<br \/>\nMEDIO DE DIFUSION, SIN FIN DE LUCRO ALGUNO <\/p>\n","protected":false},"excerpt":{"rendered":"<p>Un tenso momento en vivo gener\u00f3 un comentario del senador Fidel Espinoza (PS) a prop\u00f3sito de la denuncia por violaci\u00f3n en contra de Manuel Monsalve. En Contigo en la ma\u00f1ana, el parlamentario afirm\u00f3 que \u201cManuel tendr\u00e1 que hablar frente a la justicia a trav\u00e9s de su equipo de abogados. Lo importante es que el pa\u00edss [&hellip;]<\/p>\n","protected":false},"author":51,"featured_media":0,"comment_status":"open","ping_status":"open","sticky":false,"template":"","format":"standard","meta":{"footnotes":""},"categories":[8,9,16,30,1,31,11],"tags":[1413,1412,315],"class_list":["post-28967","post","type-post","status-publish","format-standard","hentry","category-cultura","category-educacion","category-nacional","category-policial","category-uncategorized","category-salud","category-tendencias","tag-abuso-sexual","tag-fidel-espinoza","tag-fiscalia"],"_links":{"self":[{"href":"http:\/\/www.lanuevaopcion.cl\/index.php?rest_route=\/wp\/v2\/posts\/28967","targetHints":{"allow":["GET"]}}],"collection":[{"href":"http:\/\/www.lanuevaopcion.cl\/index.php?rest_route=\/wp\/v2\/posts"}],"about":[{"href":"http:\/\/www.lanuevaopcion.cl\/index.php?rest_route=\/wp\/v2\/types\/post"}],"author":[{"embeddable":true,"href":"http:\/\/www.lanuevaopcion.cl\/index.php?rest_route=\/wp\/v2\/users\/51"}],"replies":[{"embeddable":true,"href":"http:\/\/www.lanuevaopcion.cl\/index.php?rest_route=%2Fwp%2Fv2%2Fcomments&post=28967"}],"version-history":[{"count":1,"href":"http:\/\/www.lanuevaopcion.cl\/index.php?rest_route=\/wp\/v2\/posts\/28967\/revisions"}],"predecessor-version":[{"id":28968,"href":"http:\/\/www.lanuevaopcion.cl\/index.php?rest_route=\/wp\/v2\/posts\/28967\/revisions\/28968"}],"wp:attachment":[{"href":"http:\/\/www.lanuevaopcion.cl\/index.php?rest_route=%2Fwp%2Fv2%2Fmedia&parent=28967"}],"wp:term":[{"taxonomy":"category","embeddable":true,"href":"http:\/\/www.lanuevaopcion.cl\/index.php?rest_route=%2Fwp%2Fv2%2Fcategories&post=28967"},{"taxonomy":"post_tag","embeddable":true,"href":"http:\/\/www.lanuevaopcion.cl\/index.php?rest_route=%2Fwp%2Fv2%2Ftags&post=28967"}],"curies":[{"name":"wp","href":"https:\/\/api.w.org\/{rel}","templated":true}]}}