{"id":2896,"date":"2009-07-01T21:54:00","date_gmt":"2009-07-02T00:54:00","guid":{"rendered":"http:\/\/www.lanuevaopcion.cl\/?p=2896"},"modified":"2009-07-01T21:54:00","modified_gmt":"2009-07-02T00:54:00","slug":"candidatos-presidenciales-exponen-sus-prioridades-en-seguridad-publica","status":"publish","type":"post","link":"http:\/\/www.lanuevaopcion.cl\/?p=2896","title":{"rendered":"Candidatos presidenciales exponen sus prioridades en seguridad p\u00fablica"},"content":{"rendered":"<p><img loading=\"lazy\" decoding=\"async\"  alt=\"\" src=\"http:\/\/www.lanuevaopcion.cl\/adv\/SEGURIDAD.jpg\" class=\"alignleft\" width=\"350\" height=\"263\" \/ class=\"alignleft\" style=\"margin-right:15px;margin-bottom:10px;float:left;\" > SANTIAGO.- Los candidatos presidenciales Eduardo Frei, Marco Enr\u00edquez-Ominami, Jorge Arrate, Alejandro Navarro y Adolfo Zald\u00edvar expondr\u00e1n sus prioridades en seguridad p\u00fablica en el Consejo Consultivo organizado por la Fundaci\u00f3n Paz Ciudadana. Siga aqu\u00ed los momentos m\u00e1s importantes del evento.<\/p>\n<p>10:46.- Tras la \u00faltima intervenci\u00f3n de Adolfo Zald\u00edvar, la directora ejecutiva de Paz Ciudadana, Francisca Werth dio por terminado el encuentro en que los candidatos presidenciales precisaron cu\u00e1les son sus propuestas y metas en materia de seguridad p\u00fablica.<\/p>\n<p><!--more--><\/p>\n<p>10:43.- Adolfo Zald\u00edvar resalta que es preciso concentrarse en el hecho de prevenir el delito y endurecer las penas para quienes delinquen en compa\u00f1\u00eda de menores. Una vez m\u00e1s sostiene que se debe terminar con la desigualdad para evitar que la gente m\u00e1s pobre caiga en el camino del delito.<\/p>\n<p>10:41.- Navarro propone reducir el gasto militar y subir los impuestos para generar m\u00e1s recursos para la seguridad ciudadana e insiste en la necesidad de una alianza entre el sector p\u00fablico y el privado para atacar este flagelo.<\/p>\n<p>10:37.- El ex Mandatario hizo \u00e9nfasis en la necesidad de crear un ministerio que aglutine todas las labores dedicadas al combate de la delincuencia y la implementaci\u00f3n de una pol\u00edtica de Estado, en la que participe toda la gente que trabaja en esta materia, tanto a nivel p\u00fablico como privado.<\/p>\n<p>10:36.- Frei responde al emplazamiento de Enr\u00edquez-Ominami respecto a los indultos y afirma que cuando fue Presidente debi\u00f3 jugar \u00abcon las reglas que ya estaban\u00bb y se mostr\u00f3 de acuerdo con la idea de reformar el sistema.<\/p>\n<p>10:35.- \u00abTodos los sentados aqu\u00ed hemos sido insuficientes para solucionar este problema\u00bb, dijo Enr\u00edquez-Ominami, asegurando que con la delincuencia no se puede jugar y llam\u00f3 a terminar con la colusi\u00f3n a nivel empresarial, haciendo referencia al caso Chispas, Farmacias y Mirage.<\/p>\n<p>10:33.- En el cierre, Arrate asegura que \u00abChile tiene una deuda en materia de justicia\u00bb y emplaz\u00f3 a las autoridades a tener en cuenta las observaciones internacionales al respecto.<\/p>\n<p>10:32.- Comienza la ronda de cierre: cada candidato tiene tres minutos para afinar sus ponencias.<\/p>\n<p>10:30.- Navarro sostuvo que se debe restringir la autonom\u00eda del Ministerio P\u00fablico \u00abporque los fiscales ven qu\u00e9 investigan y qu\u00e9 no investigan\u00bb<\/p>\n<p>10:27.- El presidenciable del MAS indic\u00f3 que es necesario revisar la labor de la ANI, mejorar la forma en que se juzgan los delitos relacionados con el consumo de drogas, evitar la discriminaci\u00f3n de quienes delinquen y aumentar la protecci\u00f3n de las v\u00edctimas.<\/p>\n<p>10:25.- Para  Navarro es necesario una alianza estrat\u00e9gica p\u00fablico y privada, para mejorar el sistema penitenciario, mejorar las condiciones y facultades de Carabineros y Gendarmer\u00eda, y perfeccionar la labor de los tribunales.<\/p>\n<p>10:23.- Marco Enr\u00edquez-Ominami llama a reforzar toda la institucionalidad, sobre todo la que apunta al tratamiento de los j\u00f3venes. Asimismo, propone la supresi\u00f3n del indulto y buscar un mecanismo diferente \u00abno mon\u00e1rquico\u00bb para este tipo de situaciones.<\/p>\n<p>10:21.-El candidato de la Concertaci\u00f3n destaca la importancia de evitar la corrupci\u00f3n y seguir avanzando en transparencia en todos los organismos relacionados en la lucha contra la delincuencia.<\/p>\n<p>10:19.- Entre las reformas que propone est\u00e1 la creaci\u00f3n de los tribunales juveniles y otros dedicados a delitos relacionados con el narcotr\u00e1fico. Adem\u00e1s, asegura que es preciso diferenciar mejor las labores de las polic\u00edas.<\/p>\n<p>10:16.- Eduardo Frei vuelve a mencionar la idea de dividir en dos las actuales labores del Sename. En cuanto a Gendarmer\u00eda, tambi\u00e9n propone dos servicios: uno encargado del sistema penitenciario en s\u00ed, y otro encargado del cumplimiento de las penas que no implican c\u00e1rcel y de la rehabilitaci\u00f3n y reinserci\u00f3n.<\/p>\n<p>10:15.- En ese sentido, se\u00f1al\u00f3 que es urgente una reforma educacional de verdad para alejar a los menores del delitos. Asimismo, afirm\u00f3 que se debe cambiar el actual sistema penitenciario, para evitar que se mantenga el 80% de reincidencia que existe actualmente.<\/p>\n<p>10:13.- Adolfo Zald\u00edvar insiste en la importancia que tiene preocuparse de los m\u00e1s pobres y de las desigualdades, para evitar que los m\u00e1s vulnerables caigan en el camino del delito.<\/p>\n<p>10:09.- Otras de las reformas que plantea el la creaci\u00f3n de un nuevo c\u00f3digo penal, que tipifique los nuevos tipos de delitos que han surgido en el \u00faltimo  tiempo, al tiempo que considera necesario una mesa con los medios de comunicaci\u00f3n para reflexionar sobre el tratamiento que se le da a este tipo de noticias, junto con el t\u00e9rmino de las desigualdades sociales.<\/p>\n<p>10:06.- Propone la creaci\u00f3n de un servicio especializado en reinserci\u00f3n y rehabilitaci\u00f3n. Adem\u00e1s llam\u00f3 a poner atenci\u00f3n a la situaci\u00f3n de los mapuches en La Araucan\u00eda, que est\u00e1 \u00abpr\u00e1cticamente militarizada\u00bb<\/p>\n<p>10:05.- Jorge Arrate afirma que se necesita otro modelo policial, valorando a la vez la prevenci\u00f3n comunitaria y las penas alternativas por sobre las penas de c\u00e1rcel. A su juicio, es necesario que la sociedad se organice en torno al tema.<\/p>\n<p>10:03.- Comienza el bloque en que los candidatos deben explicar sus reformas en materia de seguridad p\u00fablica.<\/p>\n<p>10:02.- \u00abEstamos sobre un polvor\u00edn. Gendarmer\u00eda va estallar\u00bb, dijo Navarro, asegurando que es necesario un nuevo sistema penitenciario, con mejoras en las condiciones laborales de los gendarmes.<\/p>\n<p>10:02.- El candidato del MAS afirma que las Iglesias, sobre todo las protestantes han cumplido un rol activo y efectivo en materia de rehabilitaci\u00f3n \u00absin ayuda del Estado\u00bb y critic\u00f3 la labor de los privados en las c\u00e1rceles privadas.<\/p>\n<p>09:58.- Alejandro Navarro afirma que en Chile no existen pol\u00edticas de rehabilitaci\u00f3n y sostiene que las actuales cifras de delincuencia lo demuestran, sosteniendo que se deben dedicar m\u00e1s recursos a las pol\u00edticas destinadas a esta materia.<\/p>\n<p>09:57.- Dijo que es importante generar espacios de rehabilitaci\u00f3n y luego empleos para quienes logren rehabilitarse, para los cual es necesario una nueva institucionalidad, mejorando el sistema carcelario.<\/p>\n<p>09:55.-  Adolfo Zald\u00edvar sube al estrado y parte haciendo la diferencia entre la delincuencia que involucra a los j\u00f3venes y por otro lado al tema de los adultos. Se mostr\u00f3 de acuerdo con la idea de dos centros diferenciados planteada por Frei, y recuerda que ahora el Sename se escapa de sus objetivos originales.<\/p>\n<p>09:54. &#8211; Tambi\u00e9n se refiri\u00f3 a la necesidad de potenciar las herramientas de control de la violencia intrafamiliar. Adem\u00e1s dijo que es necesario seguir con el sistema de construcci\u00f3n de c\u00e1rceles a trav\u00e9s de concesiones, para entregar las mejores opciones para avanzar.<\/p>\n<p>09:53. &#8211; Para Frei es necesario extender el sistema de tribunales especializados en droga, al tiempo que plantea la necesidad de dar m\u00e1s herramientas a Gendarmer\u00eda.<\/p>\n<p>09:52. &#8211; En su intervenci\u00f3n, Frei propone la ampliaci\u00f3n de los recursos para la rehabilitaci\u00f3n y la prevenci\u00f3n. Para ello plantea la necesidad de crear dos organismos diferenciados: uno de prevenci\u00f3n y  otro de cuidado de los j\u00f3venes infractores.<\/p>\n<p>09:50. &#8211; \u00abCon la delincuencia no hay espacio para que los pol\u00edticos nos demos gustitos\u00bb, dijo Enr\u00edquez, al precisar que en su gobierno convocar\u00e1 a los mejores para luchar contra la delincuencia.<\/p>\n<p>09:48. &#8211; Marco Enr\u00edquez-Ominami propone la intervenci\u00f3n de los hogares en los que la delincuencia ya ha atrapado a algunos de sus miembros, mejorar la educaci\u00f3n y potenciar el rol de Gendarmer\u00eda<\/p>\n<p>09:45. &#8211; El abanderado del Juntos Podemos indica que uno de sus objetivos es trabajar con los m\u00e1s pobres, que muchas veces son v\u00edctimas de otros pobres que han ca\u00eddo en el camino de   la delincuencia <\/p>\n<p>09:43. &#8211; En cuanto al sistema de prisi\u00f3n preventiva, Arrate asegura que muchos de los imputados finalmente no son condenados. Para el candidato del Juntos Podemos, es necesario terminar con el concepto de que las c\u00e1rceles son escuelas del delito. <\/p>\n<p>09:41. &#8211; Arrate destaca los avances del sistema judicial, pero indica que se debe avanzar tambi\u00e9n en el sistema penal y de prevenci\u00f3n del delito, en ese sentido aborda los logros del sistema de penas alternativas. <\/p>\n<p>09:40. &#8211; Ahora los candidatos deber\u00e1n responder cu\u00e1les son sus metas en materia de reinserci\u00f3n y rehabilitaci\u00f3n de su plan de gobierno <\/p>\n<p>09:38- Zald\u00edvar destaca la importancia de trabajar con los j\u00f3venes para evitar que comiencen a delinquir, sobre todo aquellos que pertenecen a los hogares m\u00e1s vulnerables del pa\u00eds. Resalta la labor de la educaci\u00f3n escolar y de la prevenci\u00f3n del consumo de drogas a trav\u00e9s de organismos como el CONACE. <\/p>\n<p>09:37.- A su turno, Adolfo Zald\u00edvar aclara que se   trata de un problema serio, y destac\u00f3 que es importante saber donde se concentra el origen de la delincuencia y de qu\u00e9 tipo de delitos se est\u00e1 hablando, afirmando que se deben crear condiciones para que la gente en condici\u00f3n de pobreza est\u00e9 protegida de caer en el riesgo de delinquir. <\/p>\n<p>09:33.- Navarro asegura que es importante incorporar a los ciudadanos en la lucha contra la delincuencia porque son ellos los que saben donde viven los delincuentes, donde se compra la droga, donde se concentra el delito. <\/p>\n<p>09:31.- Alejandro Navarro sostiene que adem\u00e1s de avanzar en prevenci\u00f3n hay que reparar los errores del inicio, y propone mejoras en el empleo juvenil, a trav\u00e9s e programas especiales y evitar la deserci\u00f3n escolar. <\/p>\n<p>09:29.- \u00abSin los ciudadanos trabajando unidos, no lograremos las metas que nos proponemos\u00bb, afirm\u00f3.<\/p>\n<p>09:28.- Frei sostiene que es necesario potenciar el actual sistema de protecci\u00f3n de las v\u00edctimas para que nadie se sienta abatido por la inseguridad, destacando la necesidad de mejorar la institucionalidad para enfrentar la lucha contra el delito.<\/p>\n<p>09:27.- Propone la puesta en marcha de programas locales de prevenci\u00f3n en las comunas donde hay un mayor \u00edndice de j\u00f3venes involucrados en delincuencia para evitar el ingreso de m\u00e1s menores en sistema delictual.<\/p>\n<p>09:25.- Al iniciar su ponencia, Eduardo Frei asegura que la seguridad p\u00fablica ser\u00e1 primordial en su gobierno, porque afecta a los m\u00e1s pobres. Afirma que en Chile hay una deuda en cuanto a la prevenci\u00f3n del delito y precisa que nunca se ganar\u00e1 la batalla de la delincuencia sino se equipara la prevenci\u00f3n con el control.<\/p>\n<p>09:23.- El candidato del Juntos Podemos asegura que es necesario trabajar para terminar con la segregaci\u00f3n \u00e9tnica y urbana.<\/p>\n<p>09:20.- Arrate plantea que otra de los puntos necesarios para combatir la delincuencia es trabajar para terminar con la desigualdad en el pa\u00eds.<\/p>\n<p>09:18.- \u00abSomos partidarios de una severa pol\u00edtica de control de armas\u00bb, dijo Arrate, indicando que todo lo que hagamos que se produzca una expansi\u00f3n del uso de las armas es positivo, y propone ser m\u00e1s en\u00e9rgicos en la lucha contra las drogas duras y contra los grandes narcotraficantes, y propone incluir el alcohol entre las drogas duras.<\/p>\n<p>09:16.- Sube al estrado Jorge Arrate, asegurando que no cree expresar un agradecimiento por algo que es justo, pero reconoce que Paz Ciudadana convoque a un intercambio de ideas de seguridad en un formato igualitario, que considera una candidatura de expresi\u00f3n minoritaria \u00abcomo la m\u00eda\u00bb.<\/p>\n<p>09:14.- Marco Enr\u00edquez hace referencia al indulto que Frei otorg\u00f3 a un narcotraficante en su gobierno, indicando que \u00abes una mala se\u00f1al para los chilenos\u00bb.<\/p>\n<p>09:12.- \u00abEstoy por privar de libertad a todos los delincuentes que cometan delitos, pero no privarlos de dignidad\u00bb, dijo el diputado, proponiendo la entrega de facultades a los municipios para que act\u00faen en esta materia y potenciar la labor de de Carabineros \u00abporque no est\u00e1 cuoteado\u00bb y est\u00e1n \u00abfuera de los alcances de los partidos\u00bb, y es una instituci\u00f3n donde se valora la excelencia.<\/p>\n<p>09:08.- La pregunta que deber\u00e1 responder Marco Enr\u00edquez-Ominami son sus metas en materia de prevenci\u00f3n. Asegura que el debate de las metas lleva inevitablemente al tema de los \u00abofertazos\u00bb, y sostiene que la ciudadan\u00eda chilena es adulta y ha dicho siempre que dentro de sus tres principales prioridades est\u00e1 la seguridad ciudadana.<\/p>\n<p>09:08.- La directora ejecutiva de Paz Ciudadana da inicio a las intervenciones de los candidatos, quienes recibieron hace un mes las consultas de parte de la fundaci\u00f3n, para lo cual tendr\u00e1n cinco minutos para responder.<\/p>\n<p>09:06.- Francisca Werth destaca los logros de la Fundaci\u00f3n Paz Ciudadana y sus propuesta para un mejor control de las penas que no implican la c\u00e1rcel, para mejorar la reinserci\u00f3n y evitar que quienes han cometido delitos vuelvan  a hacerlo.<\/p>\n<p>09:05.- Los candidatos escuchan atentamente la ponencia de Wert, antes de pasar a responder las tres preguntas b\u00e1sicas que definir\u00e1n el foro: Cu\u00e1les son las metas de prevenci\u00f3n de la delincuencia de los aspirantes a La Moneda, cu\u00e1les son sus metas en cuanto a la reinserci\u00f3n, y cu\u00e1les son las principales reformas modernizadoras en materia de seguridad p\u00fablica.<\/p>\n<p>09:03.- Francisca Werth explica lo complejo que fue la puesta en marcha de los tribunales de tratamientos de drogas en pa\u00eds, para solucionar los delitos que comenten quienes son consumidores de drogas, el que seg\u00fan afirma, tiene un costo menor que mantener a alguien en la c\u00e1rcel.<\/p>\n<p>09:01.- En el reportaje, se deja en claro las posibilidades de mejorar el actual sistema para combatir la delincuencia y a la vez trabajar para que las personas que han cometidos delitos de menor connotaci\u00f3n tengan la posibilidad de reinsertarse en la sociedad.<\/p>\n<p>08:58.- Antes de iniciar el foro, la fundaci\u00f3n presenta un video en el que se muestra la realidad de la delincuencia en el pa\u00eds y las posibilidades de rehabilitaci\u00f3n en el pa\u00eds.<\/p>\n<p>08:53.- Agust\u00edn Edwards Eastman, Presidente del Directorio de la Fundaci\u00f3n Paz Ciudadana, expuso los principales puntos que se abordar\u00e1n durante la discusi\u00f3n con los candidatos presidenciales. <\/p>\n<p>08:46.- Los cinco candidatos presidenciales se ubican en la testera desde donde deber\u00e1n responder las preguntas planteadas por Francisca Werth, directora ejecutiva de Paz Ciudadana.<\/p>\n<p>FUENTE.LA SEGUNDA ON LINE.<br \/>\nFOTO. lanuevaopcion.cl<\/p>\n","protected":false},"excerpt":{"rendered":"<p>SANTIAGO.- Los candidatos presidenciales Eduardo Frei, Marco Enr\u00edquez-Ominami, Jorge Arrate, Alejandro Navarro y Adolfo Zald\u00edvar expondr\u00e1n sus prioridades en seguridad p\u00fablica en el Consejo Consultivo organizado por la Fundaci\u00f3n Paz Ciudadana. Siga aqu\u00ed los momentos m\u00e1s importantes del evento. 10:46.- Tras la \u00faltima intervenci\u00f3n de Adolfo Zald\u00edvar, la directora ejecutiva de Paz Ciudadana, Francisca Werth [&hellip;]<\/p>\n","protected":false},"author":1,"featured_media":0,"comment_status":"open","ping_status":"open","sticky":false,"template":"","format":"standard","meta":{"footnotes":""},"categories":[16],"tags":[1628],"class_list":["post-2896","post","type-post","status-publish","format-standard","hentry","category-nacional","tag-uncategorized"],"_links":{"self":[{"href":"http:\/\/www.lanuevaopcion.cl\/index.php?rest_route=\/wp\/v2\/posts\/2896","targetHints":{"allow":["GET"]}}],"collection":[{"href":"http:\/\/www.lanuevaopcion.cl\/index.php?rest_route=\/wp\/v2\/posts"}],"about":[{"href":"http:\/\/www.lanuevaopcion.cl\/index.php?rest_route=\/wp\/v2\/types\/post"}],"author":[{"embeddable":true,"href":"http:\/\/www.lanuevaopcion.cl\/index.php?rest_route=\/wp\/v2\/users\/1"}],"replies":[{"embeddable":true,"href":"http:\/\/www.lanuevaopcion.cl\/index.php?rest_route=%2Fwp%2Fv2%2Fcomments&post=2896"}],"version-history":[{"count":1,"href":"http:\/\/www.lanuevaopcion.cl\/index.php?rest_route=\/wp\/v2\/posts\/2896\/revisions"}],"predecessor-version":[{"id":2897,"href":"http:\/\/www.lanuevaopcion.cl\/index.php?rest_route=\/wp\/v2\/posts\/2896\/revisions\/2897"}],"wp:attachment":[{"href":"http:\/\/www.lanuevaopcion.cl\/index.php?rest_route=%2Fwp%2Fv2%2Fmedia&parent=2896"}],"wp:term":[{"taxonomy":"category","embeddable":true,"href":"http:\/\/www.lanuevaopcion.cl\/index.php?rest_route=%2Fwp%2Fv2%2Fcategories&post=2896"},{"taxonomy":"post_tag","embeddable":true,"href":"http:\/\/www.lanuevaopcion.cl\/index.php?rest_route=%2Fwp%2Fv2%2Ftags&post=2896"}],"curies":[{"name":"wp","href":"https:\/\/api.w.org\/{rel}","templated":true}]}}