{"id":2894,"date":"2009-07-01T19:25:53","date_gmt":"2009-07-01T22:25:53","guid":{"rendered":"http:\/\/www.lanuevaopcion.cl\/?p=2894"},"modified":"2009-07-01T19:25:53","modified_gmt":"2009-07-01T22:25:53","slug":"gendarmes-rechazan-propuesta-del-gobierno-y-esta-medianoche-inician-paro","status":"publish","type":"post","link":"http:\/\/www.lanuevaopcion.cl\/?p=2894","title":{"rendered":"Gendarmes rechazan propuesta del Gobierno y esta medianoche inician paro"},"content":{"rendered":"<p><img loading=\"lazy\" decoding=\"async\"  alt=\"\" src=\"http:\/\/img.emol40.elmercurio.com\/2009\/07\/01\/File_200971174454.jpg\" class=\"alignleft\" width=\"300\" height=\"200\" \/ class=\"alignleft\" style=\"margin-right:15px;margin-bottom:10px;float:left;\" >SANTIAGO.- Un nuevo traspi\u00e9 tuvieron esta tarde las negociaciones entre el Gobierno y los funcionarios de Gendarmer\u00eda. La propuesta entregada hoy por el subsecretario de Justicia, Jorge Frei, no dej\u00f3 conformes a los trabajadores, quienes reafirmaron que esta medianoche iniciar\u00e1n una paralizaci\u00f3n del sector.<\/p>\n<p>El presidente de la Asociaci\u00f3n Nacional de Funcionarios Penitenciarios (Anfup), Pedro Hern\u00e1ndez, se\u00f1al\u00f3 que \u00abla propuesta que nos entreg\u00f3 el Gobierno lamentablemente no nos dej\u00f3 conformes, no satisfizo nuestras demandas, de tal manera que nosotros retomamos nuestra movilizaci\u00f3n\u00bb.<\/p>\n<p><!--more--><\/p>\n<p>El dirigente detall\u00f3 que esperaban que la propuesta del Ejecutivo \u00abfuera m\u00e1s contundente\u00bb, sin embargo, indic\u00f3 que \u00e9sta s\u00f3lo se remiti\u00f3 a mejorar el grado 26 \u2013el m\u00e1s bajo en la escala de sueldos\u2013, sin eliminarlo, como solicitaban los trabajadores.<\/p>\n<p>\u00abNosotros buscamos la eliminaci\u00f3n del grado 26, pero tambi\u00e9n estamos dispuestos a negociar su mejoramiento econ\u00f3mico y su regulaci\u00f3n en tiempos. Pero nuestra demanda no es tan s\u00f3lo ese tema, tambi\u00e9n es muy sentida la petici\u00f3n de mejorar la carrera funcionaria y que la planta III (de funcionarios civiles) est\u00e9 considerada en el aumento de dotaci\u00f3n\u00bb, explic\u00f3 Hern\u00e1ndez.<\/p>\n<p>Indic\u00f3 que, a pesar de que seguir\u00e1n adelante con la movilizaci\u00f3n, elaborar\u00e1n una contrapropuesta que entregar\u00e1n al Ejecutivo en el transcurso de la tarde. \u00abY si el Gobierno aceptara nuestra contrapropuesta, obviamente suspender\u00edamos el paro, porque nosotros no queremos la movilizaci\u00f3n, en este minuto nos vemos forzados a eso, pero queremos negociar\u00bb, remarc\u00f3.<\/p>\n<p>Movilizaci\u00f3n adentro de las c\u00e1rceles<\/p>\n<p>El dirigente indic\u00f3 que a partir de las 00.00 horas de este jueves todos los penales del pa\u00eds se negar\u00e1n al traslado de imputados a los tribunales y a su recepci\u00f3n en las c\u00e1rceles, aunque \u00abel resto de las actividades se desarrollar\u00e1n en forma normal\u00bb y no habr\u00e1 actividades en la v\u00eda p\u00fablica.<\/p>\n<p>\u00abSolamente haremos eso, no saldremos a la calle. Nuestra movilizaci\u00f3n en esta oportunidad va a ser ordenada, disciplinada, intramuro. Nosotros tenemos prohibici\u00f3n absoluta de alterar el orden p\u00fablico, eso ya est\u00e1 claro y ya se lo hemos manifestado a nuestros asociados\u00bb, afirm\u00f3 Hern\u00e1ndez. <\/p>\n<p>Solicit\u00f3 adem\u00e1s a los funcionarios del Poder Judicial \u00abque tengan la comprensi\u00f3n suficiente y la solidaridad con nuestro gremio\u00bb pues argument\u00f3 que con sus peticiones tambi\u00e9n buscan entregarles un mejor servicio, lo que actualmente no pueden realizar debido a la falta de personal.<\/p>\n<p>FUENTE. EMOL.COM<\/p>\n","protected":false},"excerpt":{"rendered":"<p>SANTIAGO.- Un nuevo traspi\u00e9 tuvieron esta tarde las negociaciones entre el Gobierno y los funcionarios de Gendarmer\u00eda. La propuesta entregada hoy por el subsecretario de Justicia, Jorge Frei, no dej\u00f3 conformes a los trabajadores, quienes reafirmaron que esta medianoche iniciar\u00e1n una paralizaci\u00f3n del sector. El presidente de la Asociaci\u00f3n Nacional de Funcionarios Penitenciarios (Anfup), Pedro [&hellip;]<\/p>\n","protected":false},"author":1,"featured_media":0,"comment_status":"open","ping_status":"open","sticky":false,"template":"","format":"standard","meta":{"footnotes":""},"categories":[16],"tags":[1629],"class_list":["post-2894","post","type-post","status-publish","format-standard","hentry","category-nacional","tag-economia"],"_links":{"self":[{"href":"http:\/\/www.lanuevaopcion.cl\/index.php?rest_route=\/wp\/v2\/posts\/2894","targetHints":{"allow":["GET"]}}],"collection":[{"href":"http:\/\/www.lanuevaopcion.cl\/index.php?rest_route=\/wp\/v2\/posts"}],"about":[{"href":"http:\/\/www.lanuevaopcion.cl\/index.php?rest_route=\/wp\/v2\/types\/post"}],"author":[{"embeddable":true,"href":"http:\/\/www.lanuevaopcion.cl\/index.php?rest_route=\/wp\/v2\/users\/1"}],"replies":[{"embeddable":true,"href":"http:\/\/www.lanuevaopcion.cl\/index.php?rest_route=%2Fwp%2Fv2%2Fcomments&post=2894"}],"version-history":[{"count":1,"href":"http:\/\/www.lanuevaopcion.cl\/index.php?rest_route=\/wp\/v2\/posts\/2894\/revisions"}],"predecessor-version":[{"id":2895,"href":"http:\/\/www.lanuevaopcion.cl\/index.php?rest_route=\/wp\/v2\/posts\/2894\/revisions\/2895"}],"wp:attachment":[{"href":"http:\/\/www.lanuevaopcion.cl\/index.php?rest_route=%2Fwp%2Fv2%2Fmedia&parent=2894"}],"wp:term":[{"taxonomy":"category","embeddable":true,"href":"http:\/\/www.lanuevaopcion.cl\/index.php?rest_route=%2Fwp%2Fv2%2Fcategories&post=2894"},{"taxonomy":"post_tag","embeddable":true,"href":"http:\/\/www.lanuevaopcion.cl\/index.php?rest_route=%2Fwp%2Fv2%2Ftags&post=2894"}],"curies":[{"name":"wp","href":"https:\/\/api.w.org\/{rel}","templated":true}]}}