{"id":28910,"date":"2024-09-10T11:19:18","date_gmt":"2024-09-10T11:19:18","guid":{"rendered":"http:\/\/www.lanuevaopcion.cl\/?p=28910"},"modified":"2024-09-10T11:19:18","modified_gmt":"2024-09-10T11:19:18","slug":"%e2%80%9cno-encuentro-consuelo%e2%80%9d-la-repentina-perdida-familiar-que-golpeo-a-andres-de-leon","status":"publish","type":"post","link":"http:\/\/www.lanuevaopcion.cl\/?p=28910","title":{"rendered":"\u201cNo encuentro consuelo\u201d: La repentina p\u00e9rdida familiar que golpe\u00f3 a Andr\u00e9s de Le\u00f3n"},"content":{"rendered":"<p><img loading=\"lazy\" decoding=\"async\"  alt=\"\" src=\"https:\/\/www.lacuarta.com\/resizer\/v2\/ZXE54Y7GWJFYDF2SSOVBPQY3VM.jpg?quality=75&#038;smart=true&#038;auth=05c65eea633605dbe9b2edb428186efd9ab1269cdb787ebde0269e0e6b3e49c7&#038;width=360&#038;height=180\" class=\"alignleft\" width=\"360\" height=\"180\" \/ class=\"alignleft\" style=\"margin-right:15px;margin-bottom:10px;float:left;\" ><br \/>\n\u201cAs\u00ed te recordar\u00e9, con tu cara de ni\u00f1a y tu risa contagiosa\u201d. As\u00ed comienza el mensaje que el cantante Andr\u00e9s de Le\u00f3n quiso compartir, por el fallecimiento de su hermana menor.<\/p>\n<p>\u201cLlegaste a mi vida cuando ten\u00eda 15 a\u00f1os y llegaste a iluminarla con tu presencia, te convertiste en mi regalona, hasta fui tu apoderado\u201d, escribi\u00f3 el artista nacional, en una emotiva dedicatoria publicada en su cuenta de Instagram.<\/p>\n<p>El m\u00fasico, cuyo nombre real es Christian Garc\u00e9s Aguirre, escogi\u00f3 una especial fotograf\u00eda para recordar a su hermanita, Ninbar Garc\u00e9s Aguirre.<br \/>\n<!--more--><br \/>\nAndr\u00e9s de Le\u00f3n llora la muerte de su hermana<br \/>\nSi bien no entreg\u00f3 detalles, s\u00ed se\u00f1al\u00f3 que su deceso fue repentino y que lo afect\u00f3 profundamente. \u201cMi ni\u00f1a peque\u00f1a, a\u00fan no entiendo ni logro aceptar tu partida tan repentina\u201d, expres\u00f3.<\/p>\n<p>\u201cPara m\u00ed siempre fuiste y ser\u00e1s mi hermanita menor y quiz\u00e1s por eso te retaba tanto, quer\u00eda lo mejor para ti y muchas veces discutimos por eso, pero siempre fue con amor infinito\u201d, record\u00f3 tambi\u00e9n el cantante.<\/p>\n<p>No fue hace mucho cuando Andr\u00e9s de Le\u00f3n sufri\u00f3 otra p\u00e9rdida cercana, la de su padre, el a\u00f1o 2020. Antes ya hab\u00eda partido su madre.<\/p>\n<p>\u201cHoy tu voz la llevar\u00e9 en mi alma y aunque no encuentro consuelo, s\u00e9 que hoy est\u00e1s junto a nuestra madre, quien te cuidar\u00e1 de todo. Te amar\u00e9 por siempre hermanita\u201d, cerr\u00f3 el m\u00fasico.<\/p>\n<p>Su publicaci\u00f3n gener\u00f3 m\u00faltiples muestras de apoyo, entre ellos una serie de cantantes como P\u00eda Toscano, Carolina Soto y Am\u00e9rico, entre otros.<br \/>\nhttps:\/\/www.lacuarta.com\/espectaculos\/noticia\/no-encuentro-consuelo-la-repentina-perdida-familiar-que-golpeo-a-andres-de-leon\/O4YM2R3R4FCQRC5E6HFIDXECEU\/<br \/>\nFUENTE. LA CUARTA.COM<br \/>\nMEDIO DE DIFUSION, SIN FIN DE LUCRO LGUNO <\/p>\n","protected":false},"excerpt":{"rendered":"<p>\u201cAs\u00ed te recordar\u00e9, con tu cara de ni\u00f1a y tu risa contagiosa\u201d. As\u00ed comienza el mensaje que el cantante Andr\u00e9s de Le\u00f3n quiso compartir, por el fallecimiento de su hermana menor. \u201cLlegaste a mi vida cuando ten\u00eda 15 a\u00f1os y llegaste a iluminarla con tu presencia, te convertiste en mi regalona, hasta fui tu apoderado\u201d, [&hellip;]<\/p>\n","protected":false},"author":51,"featured_media":0,"comment_status":"open","ping_status":"open","sticky":false,"template":"","format":"standard","meta":{"footnotes":""},"categories":[16,31,11],"tags":[1400,138,1325,1635],"class_list":["post-28910","post","type-post","status-publish","format-standard","hentry","category-nacional","category-salud","category-tendencias","tag-cantante","tag-espectaculo","tag-impacto","tag-nacional"],"_links":{"self":[{"href":"http:\/\/www.lanuevaopcion.cl\/index.php?rest_route=\/wp\/v2\/posts\/28910","targetHints":{"allow":["GET"]}}],"collection":[{"href":"http:\/\/www.lanuevaopcion.cl\/index.php?rest_route=\/wp\/v2\/posts"}],"about":[{"href":"http:\/\/www.lanuevaopcion.cl\/index.php?rest_route=\/wp\/v2\/types\/post"}],"author":[{"embeddable":true,"href":"http:\/\/www.lanuevaopcion.cl\/index.php?rest_route=\/wp\/v2\/users\/51"}],"replies":[{"embeddable":true,"href":"http:\/\/www.lanuevaopcion.cl\/index.php?rest_route=%2Fwp%2Fv2%2Fcomments&post=28910"}],"version-history":[{"count":1,"href":"http:\/\/www.lanuevaopcion.cl\/index.php?rest_route=\/wp\/v2\/posts\/28910\/revisions"}],"predecessor-version":[{"id":28911,"href":"http:\/\/www.lanuevaopcion.cl\/index.php?rest_route=\/wp\/v2\/posts\/28910\/revisions\/28911"}],"wp:attachment":[{"href":"http:\/\/www.lanuevaopcion.cl\/index.php?rest_route=%2Fwp%2Fv2%2Fmedia&parent=28910"}],"wp:term":[{"taxonomy":"category","embeddable":true,"href":"http:\/\/www.lanuevaopcion.cl\/index.php?rest_route=%2Fwp%2Fv2%2Fcategories&post=28910"},{"taxonomy":"post_tag","embeddable":true,"href":"http:\/\/www.lanuevaopcion.cl\/index.php?rest_route=%2Fwp%2Fv2%2Ftags&post=28910"}],"curies":[{"name":"wp","href":"https:\/\/api.w.org\/{rel}","templated":true}]}}