{"id":28899,"date":"2024-09-03T08:53:56","date_gmt":"2024-09-03T08:53:56","guid":{"rendered":"http:\/\/www.lanuevaopcion.cl\/?p=28899"},"modified":"2024-09-03T08:53:56","modified_gmt":"2024-09-03T08:53:56","slug":"no-iran-al-festival-familia-de-karen-doggenweiler-sorprende-con-inesperada-decision-y-sincera-sus-motivos","status":"publish","type":"post","link":"http:\/\/www.lanuevaopcion.cl\/?p=28899","title":{"rendered":"No ir\u00e1n al Festival: Familia de Karen Doggenweiler sorprende con inesperada decisi\u00f3n y sincera sus motivos"},"content":{"rendered":"<p><img loading=\"lazy\" decoding=\"async\"  alt=\"\" src=\"https:\/\/www.lacuarta.com\/resizer\/v2\/OW5DED2Z2JAVPM4ZQXX5WB27TA.jpg?quality=75&#038;smart=true&#038;auth=af522ed9c960d7a92988eeb591e9d44f7433acc71f2947df4f8bd5b4eb262937&#038;width=360&#038;height=180\" class=\"alignleft\" width=\"360\" height=\"180\" \/ class=\"alignleft\" style=\"margin-right:15px;margin-bottom:10px;float:left;\" ><br \/>\nUna importante decisi\u00f3n tomaron las hijas y el esposo de Karen Doggenweiler al ser confirmada como la flamante animadora del Festival de Vi\u00f1a del Mar 2025. No la acompa\u00f1ar\u00e1n en su hist\u00f3rico desaf\u00edo.<\/p>\n<p>El tema seguramente lo ven\u00edan conversando hace tiempo. Desde que se rumoreaba que Mega ser\u00eda el nuevo canal del Festival, Karen Sylvia sonaba como la candidata obvia para la conducci\u00f3n y su familia lo sab\u00eda.<br \/>\n<!--more--><br \/>\nPor eso, ahora, con la confirmaci\u00f3n oficial, echaron a andar su plan: decidieron en conjunto apoyar a mam\u00e1, pero con distancia.<\/p>\n<p>\u201cNo vamos a ir al Festival. Mi mam\u00e1 es muy matea, rigurosa, exigente y trabajadora. No la vamos a molestar en su trabajo\u201d, confirm\u00f3 Fernanda Cornejo (28), la hija mayor de Karen, a Las \u00daltimas Noticias.<\/p>\n<p>Fernanda es polit\u00f3loga y actualmente trabaja en Argentina como analista internacional de canal CN5 y otros medios. Su hermana menor, Manuela Enr\u00edquez-Ominami (19) se encuentra estudiando en Francia.<\/p>\n<p>Un plan familiar<br \/>\nPese a esta distancia f\u00edsica, aseguran que seguir\u00e1n muy unidos. \u201cLa Manu est\u00e1 estudiando y yo estoy trabajando ac\u00e1 (en Buenos Aires). Nos morimos de ganas igual, pero s\u00ed que va a estar muy acompa\u00f1ada. El plan familiar es darnos amor como siempre. Nada se altera. Somos una familia muy unida. Los cuatro nos cuidamos mucho y nos queremos mucho\u201d, explic\u00f3<\/p>\n<p>\u201cSu mejor compa\u00f1\u00eda es el p\u00fablico de la Quinta, no somos nosotros. Nosotros somos sus fans siempre\u201d, agreg\u00f3.<\/p>\n<p>La misma Karen confirm\u00f3 este plan familiar, apuntando a que se concentrar\u00e1 full en la pega. \u201cVoy con el equipo de Vi\u00f1a. Mi familia me apoya en todo, pero van a ser d\u00edas de dedicaci\u00f3n exclusiva para el Festival\u201d, afirm\u00f3.<\/p>\n<p>\u00bfY Marco Enr\u00edquez-Ominami?<br \/>\nEs previsible que el esposo de Karen se mantenga al margen, considerando la pol\u00e9mica que muchos armaron por su trabajo pol\u00edtico, en medio de la contingencia sobre Venezuela.<\/p>\n<p>El excandidato presidencial se mantendr\u00eda concentrado en quehaceres que lo mueven por distintos pa\u00edses. Hace unos d\u00edas se report\u00f3 en redes desde M\u00e9xico.<br \/>\nhttps:\/\/www.lacuarta.com\/espectaculos\/noticia\/no-iran-al-festival-familia-de-karen-doggenweiler-sorprende-con-inesperada-decision-y-sincera-sus-motivos\/IFMCXHJLNVBNZHRDUKVULKJA5M\/<br \/>\nFUENTE. LA CUARTA.COM<br \/>\nMEDIODE DIFUSION, SIN FIN DE LUCRO ALGUNO<\/p>\n","protected":false},"excerpt":{"rendered":"<p>Una importante decisi\u00f3n tomaron las hijas y el esposo de Karen Doggenweiler al ser confirmada como la flamante animadora del Festival de Vi\u00f1a del Mar 2025. No la acompa\u00f1ar\u00e1n en su hist\u00f3rico desaf\u00edo. El tema seguramente lo ven\u00edan conversando hace tiempo. Desde que se rumoreaba que Mega ser\u00eda el nuevo canal del Festival, Karen Sylvia [&hellip;]<\/p>\n","protected":false},"author":51,"featured_media":0,"comment_status":"open","ping_status":"open","sticky":false,"template":"","format":"standard","meta":{"footnotes":""},"categories":[8,5,16,11],"tags":[205,1636],"class_list":["post-28899","post","type-post","status-publish","format-standard","hentry","category-cultura","category-internacional","category-nacional","category-tendencias","tag-chile","tag-festival-de-vina"],"_links":{"self":[{"href":"http:\/\/www.lanuevaopcion.cl\/index.php?rest_route=\/wp\/v2\/posts\/28899","targetHints":{"allow":["GET"]}}],"collection":[{"href":"http:\/\/www.lanuevaopcion.cl\/index.php?rest_route=\/wp\/v2\/posts"}],"about":[{"href":"http:\/\/www.lanuevaopcion.cl\/index.php?rest_route=\/wp\/v2\/types\/post"}],"author":[{"embeddable":true,"href":"http:\/\/www.lanuevaopcion.cl\/index.php?rest_route=\/wp\/v2\/users\/51"}],"replies":[{"embeddable":true,"href":"http:\/\/www.lanuevaopcion.cl\/index.php?rest_route=%2Fwp%2Fv2%2Fcomments&post=28899"}],"version-history":[{"count":1,"href":"http:\/\/www.lanuevaopcion.cl\/index.php?rest_route=\/wp\/v2\/posts\/28899\/revisions"}],"predecessor-version":[{"id":28900,"href":"http:\/\/www.lanuevaopcion.cl\/index.php?rest_route=\/wp\/v2\/posts\/28899\/revisions\/28900"}],"wp:attachment":[{"href":"http:\/\/www.lanuevaopcion.cl\/index.php?rest_route=%2Fwp%2Fv2%2Fmedia&parent=28899"}],"wp:term":[{"taxonomy":"category","embeddable":true,"href":"http:\/\/www.lanuevaopcion.cl\/index.php?rest_route=%2Fwp%2Fv2%2Fcategories&post=28899"},{"taxonomy":"post_tag","embeddable":true,"href":"http:\/\/www.lanuevaopcion.cl\/index.php?rest_route=%2Fwp%2Fv2%2Ftags&post=28899"}],"curies":[{"name":"wp","href":"https:\/\/api.w.org\/{rel}","templated":true}]}}