{"id":2885,"date":"2009-07-01T06:24:37","date_gmt":"2009-07-01T09:24:37","guid":{"rendered":"http:\/\/www.lanuevaopcion.cl\/?p=2885"},"modified":"2009-07-01T06:24:37","modified_gmt":"2009-07-01T09:24:37","slug":"oea-dara-ultimatum-a-honduras-para-reponer-a-zelaya-o-arriesga-suspension-del-organismo","status":"publish","type":"post","link":"http:\/\/www.lanuevaopcion.cl\/?p=2885","title":{"rendered":"OEA dar\u00e1 ultim\u00e1tum a Honduras para reponer a Zelaya o arriesga suspensi\u00f3n del organismo"},"content":{"rendered":"<p><img loading=\"lazy\" decoding=\"async\"  alt=\"\" src=\"http:\/\/img.emol40.elmercurio.com\/2009\/07\/01\/File_20097113011.jpg\" class=\"alignleft\" width=\"300\" height=\"350\" \/ class=\"alignleft\" style=\"margin-right:15px;margin-bottom:10px;float:left;\" >WASHINGTON.- Los cancilleres de la OEA emitir\u00e1n un ultim\u00e1tum de 72 horas al nuevo gobierno de Honduras para que restituya en el cargo al Presidente depuesto Manuel Zelaya o de lo contrario enfrentar\u00e1 la suspensi\u00f3n, inform\u00f3 este mi\u00e9rcoles el secretario general del organismo, Jos\u00e9 Miguel Insulza.<\/p>\n<p>El ex ministro chileno afirm\u00f3 que el plazo figurar\u00e1 en la resoluci\u00f3n que los ministros aprobar\u00e1n al volver a sesiones en cualquier momento despu\u00e9s de un receso de ocho horas en una sesi\u00f3n convocada de emergencia.<\/p>\n<p>Al reanudarse la sesi\u00f3n, Zelaya \u00abquien ha dormido poco en los \u00faltimos d\u00edas\u00bb, ser\u00e1 uno de los oradores, confirm\u00f3 Insulza hablando a reporteros.<\/p>\n<p><!--more--><\/p>\n<p>Indic\u00f3 que la organizaci\u00f3n esperar\u00e1 72 horas para la reposici\u00f3n de Zelaya o se atendr\u00e1 a una suspensi\u00f3n de sus privilegios en la organizaci\u00f3n.<\/p>\n<p>Zelaya fue depuesto el domingo por los comandantes militares del pa\u00eds. M\u00e1s tarde fue instalado como Mandatario Roberto Micheletti, presidente del Congreso.<\/p>\n<p>\u00abNo hay soluci\u00f3n intermedia\u00bb, dijo Insulza. \u00abPartimos de la base de que el di\u00e1logo nacional, el proceso de reconciliaci\u00f3n ser\u00e1 hecho despu\u00e9s de restituir al Presidente\u00bb.<\/p>\n<p>Preguntado si el plazo de 72 horas lo calificar\u00eda como un ultim\u00e1tum, Insulza respondi\u00f3 tajante que \u00abs\u00ed\u00bb.<\/p>\n<p>\u00abLo es en el sentido de que la OEA le dice o se hace esto o se hace lo otro\u00bb, agreg\u00f3<\/p>\n<p>FUENTE.EMOL.COM<\/p>\n","protected":false},"excerpt":{"rendered":"<p>WASHINGTON.- Los cancilleres de la OEA emitir\u00e1n un ultim\u00e1tum de 72 horas al nuevo gobierno de Honduras para que restituya en el cargo al Presidente depuesto Manuel Zelaya o de lo contrario enfrentar\u00e1 la suspensi\u00f3n, inform\u00f3 este mi\u00e9rcoles el secretario general del organismo, Jos\u00e9 Miguel Insulza. El ex ministro chileno afirm\u00f3 que el plazo figurar\u00e1 [&hellip;]<\/p>\n","protected":false},"author":1,"featured_media":0,"comment_status":"open","ping_status":"open","sticky":false,"template":"","format":"standard","meta":{"footnotes":""},"categories":[5],"tags":[1630],"class_list":["post-2885","post","type-post","status-publish","format-standard","hentry","category-internacional","tag-internacional"],"_links":{"self":[{"href":"http:\/\/www.lanuevaopcion.cl\/index.php?rest_route=\/wp\/v2\/posts\/2885","targetHints":{"allow":["GET"]}}],"collection":[{"href":"http:\/\/www.lanuevaopcion.cl\/index.php?rest_route=\/wp\/v2\/posts"}],"about":[{"href":"http:\/\/www.lanuevaopcion.cl\/index.php?rest_route=\/wp\/v2\/types\/post"}],"author":[{"embeddable":true,"href":"http:\/\/www.lanuevaopcion.cl\/index.php?rest_route=\/wp\/v2\/users\/1"}],"replies":[{"embeddable":true,"href":"http:\/\/www.lanuevaopcion.cl\/index.php?rest_route=%2Fwp%2Fv2%2Fcomments&post=2885"}],"version-history":[{"count":1,"href":"http:\/\/www.lanuevaopcion.cl\/index.php?rest_route=\/wp\/v2\/posts\/2885\/revisions"}],"predecessor-version":[{"id":2886,"href":"http:\/\/www.lanuevaopcion.cl\/index.php?rest_route=\/wp\/v2\/posts\/2885\/revisions\/2886"}],"wp:attachment":[{"href":"http:\/\/www.lanuevaopcion.cl\/index.php?rest_route=%2Fwp%2Fv2%2Fmedia&parent=2885"}],"wp:term":[{"taxonomy":"category","embeddable":true,"href":"http:\/\/www.lanuevaopcion.cl\/index.php?rest_route=%2Fwp%2Fv2%2Fcategories&post=2885"},{"taxonomy":"post_tag","embeddable":true,"href":"http:\/\/www.lanuevaopcion.cl\/index.php?rest_route=%2Fwp%2Fv2%2Ftags&post=2885"}],"curies":[{"name":"wp","href":"https:\/\/api.w.org\/{rel}","templated":true}]}}