{"id":28838,"date":"2024-07-24T11:43:02","date_gmt":"2024-07-24T11:43:02","guid":{"rendered":"http:\/\/www.lanuevaopcion.cl\/?p=28838"},"modified":"2024-07-24T11:43:02","modified_gmt":"2024-07-24T11:43:02","slug":"%e2%80%9cacaba-de-pedirme-que%e2%80%9d-gonzalo-de-la-carrera-le-pega-sin-tregua-a-javier-macaya-y-destapa-recado-personal","status":"publish","type":"post","link":"http:\/\/www.lanuevaopcion.cl\/?p=28838","title":{"rendered":"\u201cAcaba de pedirme que&#8230;\u201d: Gonzalo de la Carrera le pega sin tregua a Javier Macaya y destapa recado personal"},"content":{"rendered":"<p><img loading=\"lazy\" decoding=\"async\"  alt=\"\" src=\"https:\/\/www.lacuarta.com\/resizer\/v2\/2T4CDTXAURDNZMWZHPAO3SDSTM.jpg?quality=75&#038;smart=true&#038;auth=428f5fce17db53ec260201d1e9a12fcbd49fe5460977826957cdc91ba19e2c6e&#038;width=360&#038;height=180\" class=\"alignleft\" width=\"360\" height=\"180\" \/ class=\"alignleft\" style=\"margin-right:15px;margin-bottom:10px;float:left;\" ><br \/>\nEl diputado Gonzalo de la Carrera (Indep) ha sido uno de los pol\u00edticos de derecha m\u00e1s implacables contra el senador Javier Macaya, a ra\u00edz de la defensa que entreg\u00f3 a su padre, condenado por abusos sexuales.<\/p>\n<p>El exmilitante del Partido Republicano reson\u00f3 esta semana cuando le par\u00f3 los carros a Macaya por sus declaraciones y le dijo: \u201c\u00bfTe volviste loco?\u201d.<br \/>\n<!--more--><br \/>\nAhora, el pol\u00e9mico parlamentario asegur\u00f3 que el presidente de la UDI le envi\u00f3 un recado solicit\u00e1ndole \u201crespetar los c\u00f3digos\u201d. De la Carrera no dio pie atr\u00e1s y arremeti\u00f3 nuevamente contra el congresista.<\/p>\n<p>\u201cJavier Macaya acaba de pedirme que respete c\u00f3digos. \u00bfCu\u00e1les?\u201d, lanz\u00f3 en su cuenta de X.<\/p>\n<p>El legislador tambi\u00e9n cuestion\u00f3 los dichos del gremialista al asegurar que no fueron \u201clas nietas\u201d quienes denunciaron a su padre.<\/p>\n<p>\u201cMe dice que no son nietas a diferencia de lo que ha recogido alguna prensa. Le creo, pero para m\u00ed no hace la diferencia. No estoy para nada de acuerdo en que una nieta valga distinto que otra ni\u00f1ita\u201d, manifest\u00f3.<\/p>\n<p>PIDI\u00d3 SU RENUNCIA<br \/>\nM\u00e1s tarde, De la Carrera se sum\u00f3 a las voces que sugieren a Macaya renunciar a la presidencia de la UDI. Seg\u00fan \u00e9l, la decisi\u00f3n ser\u00eda inminente.<\/p>\n<p>Acus\u00f3 una \u201cfalta de visi\u00f3n de no poner su cargo a disposici\u00f3n\u201d al interior de la UDI y que ello \u201crefleja que est\u00e1 h\u00edper desconectado de la realidad\u201d.<\/p>\n<p>\u201cEl da\u00f1o para el sector es inconmensurable\u201d, sentenci\u00f3.<br \/>\nhttps:\/\/www.lacuarta.com\/chile\/noticia\/acaba-de-pedirme-que-gonzalo-de-la-carrera-le-pega-sin-tregua-a-javier-macaya-y-destapa-recado-personal\/OXT4B63KMNCMRMQT3D27TGGPSE\/#<br \/>\nFUENTE. LA CUARTA.COM<br \/>\nMEDIO DE DIFUSION , SIN FIN DE LUCRO ALGUNO<\/p>\n","protected":false},"excerpt":{"rendered":"<p>El diputado Gonzalo de la Carrera (Indep) ha sido uno de los pol\u00edticos de derecha m\u00e1s implacables contra el senador Javier Macaya, a ra\u00edz de la defensa que entreg\u00f3 a su padre, condenado por abusos sexuales. El exmilitante del Partido Republicano reson\u00f3 esta semana cuando le par\u00f3 los carros a Macaya por sus declaraciones y [&hellip;]<\/p>\n","protected":false},"author":51,"featured_media":0,"comment_status":"open","ping_status":"open","sticky":false,"template":"","format":"standard","meta":{"footnotes":""},"categories":[9,16,30,31,11],"tags":[205,144,57],"class_list":["post-28838","post","type-post","status-publish","format-standard","hentry","category-educacion","category-nacional","category-policial","category-salud","category-tendencias","tag-chile","tag-diputados","tag-justicia"],"_links":{"self":[{"href":"http:\/\/www.lanuevaopcion.cl\/index.php?rest_route=\/wp\/v2\/posts\/28838","targetHints":{"allow":["GET"]}}],"collection":[{"href":"http:\/\/www.lanuevaopcion.cl\/index.php?rest_route=\/wp\/v2\/posts"}],"about":[{"href":"http:\/\/www.lanuevaopcion.cl\/index.php?rest_route=\/wp\/v2\/types\/post"}],"author":[{"embeddable":true,"href":"http:\/\/www.lanuevaopcion.cl\/index.php?rest_route=\/wp\/v2\/users\/51"}],"replies":[{"embeddable":true,"href":"http:\/\/www.lanuevaopcion.cl\/index.php?rest_route=%2Fwp%2Fv2%2Fcomments&post=28838"}],"version-history":[{"count":1,"href":"http:\/\/www.lanuevaopcion.cl\/index.php?rest_route=\/wp\/v2\/posts\/28838\/revisions"}],"predecessor-version":[{"id":28839,"href":"http:\/\/www.lanuevaopcion.cl\/index.php?rest_route=\/wp\/v2\/posts\/28838\/revisions\/28839"}],"wp:attachment":[{"href":"http:\/\/www.lanuevaopcion.cl\/index.php?rest_route=%2Fwp%2Fv2%2Fmedia&parent=28838"}],"wp:term":[{"taxonomy":"category","embeddable":true,"href":"http:\/\/www.lanuevaopcion.cl\/index.php?rest_route=%2Fwp%2Fv2%2Fcategories&post=28838"},{"taxonomy":"post_tag","embeddable":true,"href":"http:\/\/www.lanuevaopcion.cl\/index.php?rest_route=%2Fwp%2Fv2%2Ftags&post=28838"}],"curies":[{"name":"wp","href":"https:\/\/api.w.org\/{rel}","templated":true}]}}