{"id":2881,"date":"2009-06-30T18:48:26","date_gmt":"2009-06-30T21:48:26","guid":{"rendered":"http:\/\/www.lanuevaopcion.cl\/?p=2881"},"modified":"2009-06-30T18:52:07","modified_gmt":"2009-06-30T21:52:07","slug":"foro-con-precandidatos-presidenciales-permitira-fijar-posturas-en-delincuencia","status":"publish","type":"post","link":"http:\/\/www.lanuevaopcion.cl\/?p=2881","title":{"rendered":"Foro con precandidatos presidenciales permitir\u00e1 fijar posturas en delincuencia"},"content":{"rendered":"<p><img loading=\"lazy\" decoding=\"async\"  alt=\"\" src=\"http:\/\/img.emol40.elmercurio.com\/2009\/06\/30\/File_2009630164113.jpg\" class=\"alignleft\" width=\"300\" height=\"375\" \/ class=\"alignleft\" style=\"margin-right:15px;margin-bottom:10px;float:left;\" >SANTIAGO.- Prevenci\u00f3n, reinserci\u00f3n y rehabilitaci\u00f3n, y reformas modernizadoras en materia de seguridad p\u00fablica, son los tres temas que se abordar\u00e1n ma\u00f1ana en el primer foro consultivo de los precandidatos presidenciales \u2013organizado por la Fundaci\u00f3n Paz Ciudadana- respecto a la delincuencia. <\/p>\n<p>La Directora Ejecutiva de la entidad, Francisca Werth, asegur\u00f3 que dicho evento \u2013al que no asistir\u00e1 Pi\u00f1era por estar de gira en Europa- es importante debido a que se va a \u201cpoder conocer, comparar y mirar a d\u00f3nde van a estar las prioridades del futuro gobierno\u201d en materia de delincuencia. <\/p>\n<p>De esta manera, seg\u00fan Werth, la sociedad civil en un futuro podr\u00e1 demandar o ejercer un rol de control social m\u00e1s activo, \u201cy cuando un candidato salga electo, decirle: Usted dijo que iba a priorizar en esta \u00e1rea, qu\u00e9 esta haciendo para cumplirlo\u201d. <\/p>\n<p><!--more--><\/p>\n<p>Sobre los temas a debatir, la Directora de Paz Ciudadana explic\u00f3 que estos se eligieron bas\u00e1ndose en las \u00e1reas de trabajo m\u00e1s importantes para combatir la delincuencia, y que son principalmente la prevenci\u00f3n y el control. <\/p>\n<p>\u201cEs importante equilibrar las inversiones, los programas y los \u00e9nfasis en estas dos \u00e1reas, para producir un avance importante en temas de delincuencia\u201d, recalc\u00f3 Werth. <\/p>\n<p>El foro est\u00e1 programado para que comience ma\u00f1ana a las 8.30 y el precandidato independiente, Marco Enr\u00edquez Ominami, -elegido por sorteo- ser\u00e1 el primero en responder la pregunta: \u00bfCu\u00e1les son las metas en materia de prevenci\u00f3n de la delincuencia que compromete su gobierno, en caso de ser elegido? <\/p>\n<p>En tanto, el encargado de cerrar el foro ser\u00e1 el abanderado del PRI, Adolfo Zald\u00edvar, quien en un espacio de tres minutos deber\u00e1 redondear sus ideas. Lo mismo har\u00e1 el resto de los precandidatos, en orden alfab\u00e9tico. <\/p>\n<p>FUENTE.emol.com<\/p>\n","protected":false},"excerpt":{"rendered":"<p>SANTIAGO.- Prevenci\u00f3n, reinserci\u00f3n y rehabilitaci\u00f3n, y reformas modernizadoras en materia de seguridad p\u00fablica, son los tres temas que se abordar\u00e1n ma\u00f1ana en el primer foro consultivo de los precandidatos presidenciales \u2013organizado por la Fundaci\u00f3n Paz Ciudadana- respecto a la delincuencia. La Directora Ejecutiva de la entidad, Francisca Werth, asegur\u00f3 que dicho evento \u2013al que no [&hellip;]<\/p>\n","protected":false},"author":1,"featured_media":0,"comment_status":"open","ping_status":"open","sticky":false,"template":"","format":"standard","meta":{"footnotes":""},"categories":[1],"tags":[],"class_list":["post-2881","post","type-post","status-publish","format-standard","hentry","category-uncategorized"],"_links":{"self":[{"href":"http:\/\/www.lanuevaopcion.cl\/index.php?rest_route=\/wp\/v2\/posts\/2881","targetHints":{"allow":["GET"]}}],"collection":[{"href":"http:\/\/www.lanuevaopcion.cl\/index.php?rest_route=\/wp\/v2\/posts"}],"about":[{"href":"http:\/\/www.lanuevaopcion.cl\/index.php?rest_route=\/wp\/v2\/types\/post"}],"author":[{"embeddable":true,"href":"http:\/\/www.lanuevaopcion.cl\/index.php?rest_route=\/wp\/v2\/users\/1"}],"replies":[{"embeddable":true,"href":"http:\/\/www.lanuevaopcion.cl\/index.php?rest_route=%2Fwp%2Fv2%2Fcomments&post=2881"}],"version-history":[{"count":3,"href":"http:\/\/www.lanuevaopcion.cl\/index.php?rest_route=\/wp\/v2\/posts\/2881\/revisions"}],"predecessor-version":[{"id":2884,"href":"http:\/\/www.lanuevaopcion.cl\/index.php?rest_route=\/wp\/v2\/posts\/2881\/revisions\/2884"}],"wp:attachment":[{"href":"http:\/\/www.lanuevaopcion.cl\/index.php?rest_route=%2Fwp%2Fv2%2Fmedia&parent=2881"}],"wp:term":[{"taxonomy":"category","embeddable":true,"href":"http:\/\/www.lanuevaopcion.cl\/index.php?rest_route=%2Fwp%2Fv2%2Fcategories&post=2881"},{"taxonomy":"post_tag","embeddable":true,"href":"http:\/\/www.lanuevaopcion.cl\/index.php?rest_route=%2Fwp%2Fv2%2Ftags&post=2881"}],"curies":[{"name":"wp","href":"https:\/\/api.w.org\/{rel}","templated":true}]}}