{"id":28786,"date":"2024-06-24T09:44:41","date_gmt":"2024-06-24T09:44:41","guid":{"rendered":"http:\/\/www.lanuevaopcion.cl\/?p=28786"},"modified":"2024-06-24T09:44:41","modified_gmt":"2024-06-24T09:44:41","slug":"%e2%80%9cen-chile-estamos-al-debe%e2%80%a6%e2%80%9d-allison-gohler-expone-tajante-opinion-sobre-nuevo-rol-de-meteorologos-y-lanza-inesperada-%e2%80%9cpapita%e2%80%9d","status":"publish","type":"post","link":"http:\/\/www.lanuevaopcion.cl\/?p=28786","title":{"rendered":"\u201cEn Chile estamos al debe\u2026\u201d: Allison G\u00f6hler expone tajante opini\u00f3n sobre nuevo rol de meteor\u00f3logos y lanza inesperada \u201cpapita\u201d"},"content":{"rendered":"<p><img loading=\"lazy\" decoding=\"async\"  alt=\"\" src=\"https:\/\/www.lacuarta.com\/resizer\/7c2N3THXlDVpKxo_K5MUlPQdRvk=\/0x62:1200x737\/640x360\/cloudfront-us-east-1.images.arcpublishing.com\/copesa\/PJ2SFFBQZJFMHJSAVKW3XPVMKM.jpg\" class=\"alignleft\" width=\"640\" height=\"360\" \/ class=\"alignleft\" style=\"margin-right:15px;margin-bottom:10px;float:left;\" ><br \/>\nAdiferencia de lo que ven\u00eda ocurriendo en los \u00faltimos a\u00f1os, este 2024 San Pedro abri\u00f3 la llave y las lluvias se han dejado sentir con fuerza en varias zonas del pa\u00eds.<\/p>\n<p>Sin ir m\u00e1s lejos, s\u00f3lo en la \u00faltima semana y media se han registrados tres sistemas frontales de consideraciones, lo que en algunos casos dejaron la tendal\u00e1 con los inundaciones, sobre todo en algunas regiones m\u00e1s hacia el sur.<br \/>\n<!--more--><br \/>\nPor lo mismo, la \u201cguerra\u201d de los meteor\u00f3logos se desat\u00f3 con todo en los distintos canales de la tele a color, donde en los matinales pasan horas y horas hablando sobre c\u00f3mo se vendr\u00e1 la mano con las precipitaciones y las temperaturas.<\/p>\n<p>powered by<br \/>\nY en ese contexto, una que volvi\u00f3 justito al pa\u00eds para no perderse detalle de estos fen\u00f3menos clim\u00e1ticos es Allison G\u00f6hler, quien estuvo un par de a\u00f1os alejada de la TV criolla. Esto, a debido a que permaneci\u00f3 un tiempo viviendo en Chicago, Estados Unidos.<\/p>\n<p>Sin embargo, tras tomar la decisi\u00f3n de volver a Chile debido a una serie de circunstancia, entre las cuales la lejan\u00eda de sus afectos m\u00e1s cercano tom\u00f3 un peso fundamental, el pasado 1 de abril se sum\u00f3 a Chilevisi\u00f3n, donde se luce en el matinal y tambi\u00e9n en otros espacios del \u00e1rea prensa.<\/p>\n<p>Y ahora, a dos meses de asumir este nuevo desaf\u00edo laboral, la meteor\u00f3loga se confes\u00f3 en un \u00edntimo di\u00e1logo con La Cuarta, donde se mostr\u00f3 feliz con esta nueva etapa en el Calcet\u00edn de Tierra.<\/p>\n<p>\u201cMuy contenta, ya llevo dos meses trabajando en CHV, feliz de conocer a nuevos equipos, de conocer el entusiasmo y las ganas de hacer cosas nuevas. As\u00ed que muy contenta de tener la oportunidad tambi\u00e9n de compartir con prensa, con matinal, con todos los programas. Hay un dinamismo distinto, pero muy feliz porque todos me apoyan y me han dado la vitrina para mostrar las cosas que aprend\u00ed en Estados Unidos y todo eso\u201d, relat\u00f3 de entrada al diario pop.<\/p>\n<p>Y sobre la misma, se refiri\u00f3 a los principales h\u00e1bitos que debi\u00f3 modificar, sobre todo en temas de horarios.<\/p>\n<p>\u201cEn Chicago me levantaba a la 1 de la ma\u00f1ana y empez\u00e1bamos a las 3. Pero ac\u00e1 me levanto a las 3, a las 5 tengo que estar en maquillaje. Y ya preparada para a las 6 de la ma\u00f1ana salir al aire ah\u00ed con las noticias\u201d, cont\u00f3 Allison.<\/p>\n<p>Eso s\u00ed, revel\u00f3 que ese tema no es algo que por ahora le quite el sue\u00f1o. \u201cNo me complica porque me acostumbr\u00e9 a dormir poco y a levantarme temprano. Ac\u00e1 lo hago de esa manera para poder actualizar el pron\u00f3stico a primera hora, tener como los datos fresquitos y llegar con buena informaci\u00f3n, m\u00e1s certera y m\u00e1s precisa a las noticias y al matinal\u201d, indic\u00f3 en modo matea.<\/p>\n<p>Por otro lado, tambi\u00e9n se tom\u00f3 un minuto para analizar el boom de los meteor\u00f3logos, quienes agarraron vuelto y ahora se convirtieron en un panelista m\u00e1s en los matinales. De hecho, G\u00f6hler estuvo esta semana conduciendo a ratos el Contigo en la ma\u00f1ana junto a JC Rodr\u00edguez, Monserrat \u00c1lvarez y Roberto Cox.<\/p>\n<p>\u201cMe encanta que el meteor\u00f3logo tenga el espacio y la vitrina para poder prevenir a la gente. Yo creo que es algo que estamos al debe aqu\u00ed en Chile, pero es bueno que ahora se haga porque en Estados Unidos se respeta mucho el meteor\u00f3logo. All\u00e1 se interrumpen programaciones cuando hay desastres y todo eso. Y es bueno saber que en Chile tambi\u00e9n se est\u00e1n creando espacios donde los meteor\u00f3logos podamos explicarle a la gente y c\u00f3mo le va a afectar los diferentes tipos de desastres naturales que pueden ocurrir, sobre todo en nuestro pa\u00eds, que siempre ocurren cosas. Siempre est\u00e1 activo.<\/p>\n<p>&#8211; En Chile nos sacamos todos los premiados, siempre pasa algo\u2026<\/p>\n<p>&#8211; Muchas cosas. As\u00ed que qu\u00e9 bueno que tengamos el espacio para explicarlo y para que la gente tome las precauciones, porque nuestra labor es salvaguardar a las personas, tratar de evitar accidentes, tratar de evitar problemas, principalmente con nuestra gente.<\/p>\n<p>&#8211; Oiga, \u00bfy le acomoda estar en el matinal tirando la talla con Julio C\u00e9sar, la Monse, Roberto?<\/p>\n<p>&#8211; S\u00ed, de hecho, a m\u00ed me da risa porque all\u00e1 en Chicago yo participaba en un noticiero que era m\u00e1s serio. Entonces, se me hab\u00eda olvidado esa cosa del chileno de tirar la talla, de pasarlo bien, de re\u00edrse con las cosas. Adem\u00e1s que Julio y la Monse tienen ese humor particular que de verdad, siento que igual le ponen un poco de distendimiento, \u00bfno? Como que hace que el momento sea m\u00e1s grato frente a circunstancias adversas.<\/p>\n<p>&#8211; La han regaloneado harto parece sus compa\u00f1eros\u2026<\/p>\n<p>&#8211; De verdad los chiquillos son un siete, se portan s\u00faper bien, son s\u00faper simp\u00e1ticos y tambi\u00e9n le dan el toque de humor que las ma\u00f1anas necesitan.<\/p>\n<p>&#8211; Oiga, y, lo \u00faltimo. \u00bfC\u00f3mo se viene la mano con el clima?<\/p>\n<p>&#8211; Reci\u00e9n lleg\u00f3 el invierno y ya hemos vivido un mont\u00f3n de sistemas frontales, algunos problemas, pero por lo que se ve es, que ya despu\u00e9s de junio vamos a pasar a un julio y agosto m\u00e1s tranquilos.<\/p>\n<p>&#8211; \u00bfCon menos lluvia?<\/p>\n<p>&#8211; S\u00ed, porque la ni\u00f1a reci\u00e9n llega a finales del invierno y ah\u00ed es donde hay que estar preocupados porque cuando llegue la ni\u00f1a, vamos a tener heladas en primavera, podr\u00edamos tener olas de calor en verano, lo que puede producir propagaci\u00f3n de incendios. Entonces hay que estar muy atentos porque el tiempo parece que va a seguir dando mucho m\u00e1s que hablar.<\/p>\n<p>&#8211; \u00bfEstamos pensando en el verano ya parece&#8230;?<\/p>\n<p>&#8211; S\u00ed, porque de todas formas, qu\u00e9 bueno que ha llovido harto en mayo y tambi\u00e9n parte de junio porque as\u00ed eso nos va a servir de reserva por si tenemos un invierno m\u00e1s seco. Es un colch\u00f3n.<br \/>\nhttps:\/\/www.lacuarta.com\/espectaculos\/noticia\/en-chile-estamos-al-debe-allison-gohler-expone-tajante-opinion-sobre-nuevo-rol-de-meteorologos-y-lanza-inesperada-papita\/DUHM776HXRDTJDNVFOKWOIAU5Q\/#<br \/>\nFUENTE. LA CUARTA.COM<br \/>\nMEDIO DE DIFUSION , SIN FIN DE LUCRO ALGUNO<\/p>\n","protected":false},"excerpt":{"rendered":"<p>Adiferencia de lo que ven\u00eda ocurriendo en los \u00faltimos a\u00f1os, este 2024 San Pedro abri\u00f3 la llave y las lluvias se han dejado sentir con fuerza en varias zonas del pa\u00eds. Sin ir m\u00e1s lejos, s\u00f3lo en la \u00faltima semana y media se han registrados tres sistemas frontales de consideraciones, lo que en algunos casos [&hellip;]<\/p>\n","protected":false},"author":51,"featured_media":0,"comment_status":"open","ping_status":"open","sticky":false,"template":"","format":"standard","meta":{"footnotes":""},"categories":[8,16,31,11],"tags":[138,45,790],"class_list":["post-28786","post","type-post","status-publish","format-standard","hentry","category-cultura","category-nacional","category-salud","category-tendencias","tag-espectaculo","tag-television","tag-tiempo"],"_links":{"self":[{"href":"http:\/\/www.lanuevaopcion.cl\/index.php?rest_route=\/wp\/v2\/posts\/28786","targetHints":{"allow":["GET"]}}],"collection":[{"href":"http:\/\/www.lanuevaopcion.cl\/index.php?rest_route=\/wp\/v2\/posts"}],"about":[{"href":"http:\/\/www.lanuevaopcion.cl\/index.php?rest_route=\/wp\/v2\/types\/post"}],"author":[{"embeddable":true,"href":"http:\/\/www.lanuevaopcion.cl\/index.php?rest_route=\/wp\/v2\/users\/51"}],"replies":[{"embeddable":true,"href":"http:\/\/www.lanuevaopcion.cl\/index.php?rest_route=%2Fwp%2Fv2%2Fcomments&post=28786"}],"version-history":[{"count":1,"href":"http:\/\/www.lanuevaopcion.cl\/index.php?rest_route=\/wp\/v2\/posts\/28786\/revisions"}],"predecessor-version":[{"id":28787,"href":"http:\/\/www.lanuevaopcion.cl\/index.php?rest_route=\/wp\/v2\/posts\/28786\/revisions\/28787"}],"wp:attachment":[{"href":"http:\/\/www.lanuevaopcion.cl\/index.php?rest_route=%2Fwp%2Fv2%2Fmedia&parent=28786"}],"wp:term":[{"taxonomy":"category","embeddable":true,"href":"http:\/\/www.lanuevaopcion.cl\/index.php?rest_route=%2Fwp%2Fv2%2Fcategories&post=28786"},{"taxonomy":"post_tag","embeddable":true,"href":"http:\/\/www.lanuevaopcion.cl\/index.php?rest_route=%2Fwp%2Fv2%2Ftags&post=28786"}],"curies":[{"name":"wp","href":"https:\/\/api.w.org\/{rel}","templated":true}]}}