{"id":28773,"date":"2024-06-14T13:19:57","date_gmt":"2024-06-14T13:19:57","guid":{"rendered":"http:\/\/www.lanuevaopcion.cl\/?p=28773"},"modified":"2024-06-14T13:19:57","modified_gmt":"2024-06-14T13:19:57","slug":"bombo-fica-sorprende-al-revelar-cuanto-le-costo-su-operacion-en-europa-acusa-una-%e2%80%9cvulnerabilidad-tremenda%e2%80%9d","status":"publish","type":"post","link":"http:\/\/www.lanuevaopcion.cl\/?p=28773","title":{"rendered":"Bombo Fica sorprende al revelar cu\u00e1nto le cost\u00f3 su operaci\u00f3n en Europa: Acusa una \u201cvulnerabilidad tremenda\u201d"},"content":{"rendered":"<p><img loading=\"lazy\" decoding=\"async\"  alt=\"\" src=\"https:\/\/www.lacuarta.com\/resizer\/w5mgNIoAFshvcdJTRXkHAVBFoUk=\/640x360\/smart\/cloudfront-us-east-1.images.arcpublishing.com\/copesa\/3JAPZCAM4NGXRGSQRLNDZGZ2OY.jpg\" class=\"alignleft\" width=\"640\" height=\"360\" \/ class=\"alignleft\" style=\"margin-right:15px;margin-bottom:10px;float:left;\" ><br \/>\nUn inesperado paso por el hospital y el quir\u00f3fano enfrent\u00f3 Bombo Fica en su reciente gira por Europa. Ya m\u00e1s recuperado, coment\u00f3 los detalles de su odisea y el palo que le pegaron con la boleta.<\/p>\n<p>El humorista es uno de los invitados al programa Podemos Hablar, que se emite este viernes en Chilevisi\u00f3n. Seg\u00fan un adelanto que comparti\u00f3 el canal, Julio C\u00e9sar Rodr\u00edguez le pregunt\u00f3 al hueso: \u201cBombito s\u00e9 que es feo, pero \u00bfcu\u00e1nto le sali\u00f3 la gracia?\u201d.<br \/>\n<!--more--><br \/>\nBombo, que en septiembre cumple 61 a\u00f1os, parti\u00f3 destacando que en Espa\u00f1a la salud es gratis, pero para los espa\u00f1oles e inmigrantes. No as\u00ed para los turistas. Por eso, intent\u00f3 echar mano al seguro de viaje que le promet\u00eda maravillas, pero result\u00f3 ser una decepci\u00f3n.<\/p>\n<p>powered by<br \/>\n\u201cUno cree que va seguro (&#8230;) Pero no es as\u00ed, aqu\u00ed hay resquicios, lo descubres cuando est\u00e1s ah\u00ed&#8230; el seguro plop\u201d, explic\u00f3 Fica, detallando que s\u00f3lo le cubri\u00f3 la primera y escu\u00e1lida cuota del tratamiento que recibi\u00f3 por una complicada hemorragia nasal.<\/p>\n<p>\u201cYo qued\u00e9 en un estado de vulnerabilidad tremenda y de decepci\u00f3n porque el seguro apareci\u00f3 la primera vez, cachai\u2019. Pag\u00f3 la primera cuota del hospital, que no era mucho, como no s\u00e9 200 d\u00f3lares, una cosa as\u00ed\u201d, coment\u00f3.<\/p>\n<p>CU\u00c1NTO LE COBRARON<br \/>\nDijo que cuando la aseguradora se enter\u00f3 que su tratamiento derivar\u00eda en una cirug\u00eda, \u201cdesapareci\u00f3 el seguro y despu\u00e9s nos mandan un comunicado dici\u00e9ndonos que yo estaba con una preexistencia, \u00bfqu\u00e9 significa eso? Que yo tendr\u00eda que haber sabido o no haber sabido, pero el hecho de que estuviera ah\u00ed ya era preexistente\u201d.<\/p>\n<p>\u201cNos negaron el costo de esto, que est\u00e1 alrededor&#8230; se gastaron como de los 5.000 a 6.000 d\u00f3lares (alrededor de 5,5 millones de pesos chilenos)\u201d, revel\u00f3 el c\u00f3mico.<\/p>\n<p>\u201cPero bueno, la gracia es que yo llevaba mi M\u00e1ster plop y pagu\u00e9 todo con M\u00e1ster plop, as\u00ed que ning\u00fan problema\u201d, cerr\u00f3.<br \/>\nhttps:\/\/www.lacuarta.com\/espectaculos\/noticia\/bombo-fica-sorprende-al-revelar-cuanto-costo-su-operacion-en-europa-acuso-una-vulnerabilidad-tremenda\/WAIG37AJERDFXAH6XFW62FLEFM\/<br \/>\nFUENTE. LA CUARTA.COM<br \/>\nMEDIO DE DIFUSION , SIN FIN DE LUCRO ALGUNO <\/p>\n","protected":false},"excerpt":{"rendered":"<p>Un inesperado paso por el hospital y el quir\u00f3fano enfrent\u00f3 Bombo Fica en su reciente gira por Europa. Ya m\u00e1s recuperado, coment\u00f3 los detalles de su odisea y el palo que le pegaron con la boleta. El humorista es uno de los invitados al programa Podemos Hablar, que se emite este viernes en Chilevisi\u00f3n. Seg\u00fan [&hellip;]<\/p>\n","protected":false},"author":51,"featured_media":0,"comment_status":"open","ping_status":"open","sticky":false,"template":"","format":"standard","meta":{"footnotes":""},"categories":[8,16,31],"tags":[138,186,77],"class_list":["post-28773","post","type-post","status-publish","format-standard","hentry","category-cultura","category-nacional","category-salud","tag-espectaculo","tag-europa","tag-mundo"],"_links":{"self":[{"href":"http:\/\/www.lanuevaopcion.cl\/index.php?rest_route=\/wp\/v2\/posts\/28773","targetHints":{"allow":["GET"]}}],"collection":[{"href":"http:\/\/www.lanuevaopcion.cl\/index.php?rest_route=\/wp\/v2\/posts"}],"about":[{"href":"http:\/\/www.lanuevaopcion.cl\/index.php?rest_route=\/wp\/v2\/types\/post"}],"author":[{"embeddable":true,"href":"http:\/\/www.lanuevaopcion.cl\/index.php?rest_route=\/wp\/v2\/users\/51"}],"replies":[{"embeddable":true,"href":"http:\/\/www.lanuevaopcion.cl\/index.php?rest_route=%2Fwp%2Fv2%2Fcomments&post=28773"}],"version-history":[{"count":1,"href":"http:\/\/www.lanuevaopcion.cl\/index.php?rest_route=\/wp\/v2\/posts\/28773\/revisions"}],"predecessor-version":[{"id":28774,"href":"http:\/\/www.lanuevaopcion.cl\/index.php?rest_route=\/wp\/v2\/posts\/28773\/revisions\/28774"}],"wp:attachment":[{"href":"http:\/\/www.lanuevaopcion.cl\/index.php?rest_route=%2Fwp%2Fv2%2Fmedia&parent=28773"}],"wp:term":[{"taxonomy":"category","embeddable":true,"href":"http:\/\/www.lanuevaopcion.cl\/index.php?rest_route=%2Fwp%2Fv2%2Fcategories&post=28773"},{"taxonomy":"post_tag","embeddable":true,"href":"http:\/\/www.lanuevaopcion.cl\/index.php?rest_route=%2Fwp%2Fv2%2Ftags&post=28773"}],"curies":[{"name":"wp","href":"https:\/\/api.w.org\/{rel}","templated":true}]}}