{"id":2875,"date":"2009-06-30T16:27:09","date_gmt":"2009-06-30T19:27:09","guid":{"rendered":"http:\/\/www.lanuevaopcion.cl\/?p=2875"},"modified":"2009-06-30T16:27:09","modified_gmt":"2009-06-30T19:27:09","slug":"pinera-califica-como-un-drama-cifras-de-desempleo","status":"publish","type":"post","link":"http:\/\/www.lanuevaopcion.cl\/?p=2875","title":{"rendered":"Pi\u00f1era califica como \u00abun drama\u00bb cifras de desempleo"},"content":{"rendered":"<p><img loading=\"lazy\" decoding=\"async\"  alt=\"\" src=\"http:\/\/www.elmostrador.cl\/images\/galerias\/categoria2\/pi%C3%B1era.JPG\" class=\"alignleft\" width=\"230\" height=\"230\" \/ class=\"alignleft\" style=\"margin-right:15px;margin-bottom:10px;float:left;\" >SANTIAGO.- Desde Espa\u00f1a, hasta donde lleg\u00f3 para reunirse con el ex Jefe de Gobierno Jos\u00e9 Mar\u00eda Aznar y el l\u00edder del Partido Popular, Mariano Rajoy, el presidenciable de la Coalici\u00f3n por el Cambio, Sebasti\u00e1n Pi\u00f1era, asegur\u00f3 que las cifras de desempleo del trimestre marzo-mayo, que alcanzaron un 10,2%, son una muy mala noticia para el pa\u00eds, al tiempo que critic\u00f3 el manejo del Gobierno al respecto.<\/p>\n<p><!--more--><\/p>\n<p>Pi\u00f1era resalt\u00f3 que \u00ab700 mil chilenos y chilenas sin trabajo es un drama. No solamente para los cesantes sino para todo el pa\u00eds\u00bb, destacando que una buena red de protecci\u00f3n social, implica tambi\u00e9n la protecci\u00f3n del empleo.<\/p>\n<p>\u00abPor eso es fundamental, adem\u00e1s de la red de protecci\u00f3n social, recuperar la capacidad de crecer, de crear trabajo, de empezar a derrotar la delincuencia, de mejorar la calidad de la educaci\u00f3n y la salud\u00bb, sostuvo el abanderado.<\/p>\n<p>Criticando la labor del Gobierno y asegurando que en una eventual administraci\u00f3n de la oposici\u00f3n, el manejo de los mecanismos para generar y proteger el empleo ser\u00e1 fundamental.<\/p>\n<p>\u00abNing\u00fan Gobierno puede pretender que haya una buena red de protecci\u00f3n social si no es capaz de darle trabajo a los chilenos, si no es capaz de darle seguridad frente a la delincuencia, y no es capaz de darle buena educaci\u00f3n a nuestros hijos\u00bb, dijo Pi\u00f1era.<\/p>\n<p>Tras la reuni\u00f3n con Aznar, Pi\u00f1era se\u00f1al\u00f3 haber tenido una \u201cconversaci\u00f3n franca y entre amigos\u201d, mientras el ex Jefe del Gobierno espa\u00f1ol destac\u00f3 las cualidades del candidato.Word count: 0  <\/p>\n<p>\u00abSebasti\u00e1n Pi\u00f1era tiene unas condiciones de liderazgo extraordinarias que son reconocidas por muchos chilenos y, por lo tanto, estoy absolutamente convencido que si los ciudadanos chilenos lo quieren, porque creen que ha llegado la hora del cambio, Sebasti\u00e1n Pi\u00f1era tiene todas las condiciones para ser un gran l\u00edder y un gran presidente\u201d, sostuvo Aznar.<\/p>\n<p>FUENTE. EMOL.COM<\/p>\n","protected":false},"excerpt":{"rendered":"<p>SANTIAGO.- Desde Espa\u00f1a, hasta donde lleg\u00f3 para reunirse con el ex Jefe de Gobierno Jos\u00e9 Mar\u00eda Aznar y el l\u00edder del Partido Popular, Mariano Rajoy, el presidenciable de la Coalici\u00f3n por el Cambio, Sebasti\u00e1n Pi\u00f1era, asegur\u00f3 que las cifras de desempleo del trimestre marzo-mayo, que alcanzaron un 10,2%, son una muy mala noticia para el [&hellip;]<\/p>\n","protected":false},"author":1,"featured_media":0,"comment_status":"open","ping_status":"open","sticky":false,"template":"","format":"standard","meta":{"footnotes":""},"categories":[5],"tags":[1628],"class_list":["post-2875","post","type-post","status-publish","format-standard","hentry","category-internacional","tag-uncategorized"],"_links":{"self":[{"href":"http:\/\/www.lanuevaopcion.cl\/index.php?rest_route=\/wp\/v2\/posts\/2875","targetHints":{"allow":["GET"]}}],"collection":[{"href":"http:\/\/www.lanuevaopcion.cl\/index.php?rest_route=\/wp\/v2\/posts"}],"about":[{"href":"http:\/\/www.lanuevaopcion.cl\/index.php?rest_route=\/wp\/v2\/types\/post"}],"author":[{"embeddable":true,"href":"http:\/\/www.lanuevaopcion.cl\/index.php?rest_route=\/wp\/v2\/users\/1"}],"replies":[{"embeddable":true,"href":"http:\/\/www.lanuevaopcion.cl\/index.php?rest_route=%2Fwp%2Fv2%2Fcomments&post=2875"}],"version-history":[{"count":1,"href":"http:\/\/www.lanuevaopcion.cl\/index.php?rest_route=\/wp\/v2\/posts\/2875\/revisions"}],"predecessor-version":[{"id":2876,"href":"http:\/\/www.lanuevaopcion.cl\/index.php?rest_route=\/wp\/v2\/posts\/2875\/revisions\/2876"}],"wp:attachment":[{"href":"http:\/\/www.lanuevaopcion.cl\/index.php?rest_route=%2Fwp%2Fv2%2Fmedia&parent=2875"}],"wp:term":[{"taxonomy":"category","embeddable":true,"href":"http:\/\/www.lanuevaopcion.cl\/index.php?rest_route=%2Fwp%2Fv2%2Fcategories&post=2875"},{"taxonomy":"post_tag","embeddable":true,"href":"http:\/\/www.lanuevaopcion.cl\/index.php?rest_route=%2Fwp%2Fv2%2Ftags&post=2875"}],"curies":[{"name":"wp","href":"https:\/\/api.w.org\/{rel}","templated":true}]}}